{"id":2938,"date":"2023-03-15T10:48:28","date_gmt":"2023-03-15T10:48:28","guid":{"rendered":"https:\/\/www.irishfamine.ie\/announcement-of-the-national-famine-commemoration-2023\/"},"modified":"2023-03-21T16:10:51","modified_gmt":"2023-03-21T16:10:51","slug":"announcement-of-the-national-famine-commemoration-2023","status":"publish","type":"post","link":"https:\/\/www.irishfamine.ie\/ga\/announcement-of-the-national-famine-commemoration-2023\/","title":{"rendered":"F\u00f3gairt Chom\u00f3radh N\u00e1isi\u00fanta an Ghorta Mh\u00f3ir 2023"},"content":{"rendered":"<p>D&#8217;fh\u00f3gair Catherine Martin T.D., an tAire Turas\u00f3ireachta, Cult\u00fair, Eala\u00edon, Gaeltachta, Sp\u00f3irt agus Me\u00e1n, agus Cathaoirleach Choiste Com\u00f3rtha N\u00e1isi\u00fanta an Ghorta Mh\u00f3ir go mbeidh Com\u00f3radh Bliant\u00fail N\u00e1isi\u00fanta an Ghorta Mh\u00f3ir ar si\u00fal D\u00e9 Domhnaigh, an 21 Bealtaine 2023 i mBaile na nGall\u00f3glach, Co. Dh\u00fan na nGall.<\/p>\n<p>Seo an tr\u00ed\u00fa huair a bheidh Com\u00f3radh an St\u00e1it ar si\u00fal i gC\u00faige Uladh. Sa searmanas poibl\u00ed, a chraolfar ar chain\u00e9al RT\u00c9 News Now, tabharfar deis do mhuintir Dh\u00fan na nGall \u00f3m\u00f3s a thabhairt d\u2019fhulaingt agus cailleadh an Ghorta Mh\u00f3ir agus cuimhneamh orthu si\u00fad a theith chun saolta nua a chruth\u00fa thar lear. Beidh bratach n\u00e1isi\u00fanta agus on\u00f3racha m\u00edleata mar chuid de sula gcuirfear bailchr\u00edoch ar an searmanas soll\u00fanta le leagan bl\u00e1thfhleisce.<\/p>\n<p>Tabharfar cuireadh do scoileanna ar fud na t\u00edre n\u00f3im\u00e9ad ci\u00fanais a thion\u00f3l D\u00e9 hAoine, an 19 Bealtaine i gcuimhne orthu si\u00fad a cailleadh le linn an Ghorta Mh\u00f3ir, agus tabharfar cuireadh d\u2019eagra\u00edochta\u00ed sp\u00f3irt n\u00f3im\u00e9ad ci\u00fainais a thion\u00f3l ag imeachta\u00ed sp\u00f3irt agus poibl\u00ed a bheidh ar si\u00fal ag deireadh seachtaine an Chom\u00f3rth<\/p>\n<p>D\u00fairt an tAire Martin:<\/p>\n<p>\u201cIs deis ar leith \u00e9 Com\u00f3radh N\u00e1isi\u00fanta an Ghorta Mh\u00f3ir don ghl\u00fain reatha aitheantas a thabhairt don fhulaingt, don bh\u00e1s agus don anr\u00f3 a d\u2019fhulaing muintir na h\u00c9ireann le linn an tr\u00e9imhse dhorcha sin d\u00e1r gcuid staire.\u201d<\/p>\n<p>\u201cCuirtear f\u00e1ilte ar leith roimh roghn\u00fa Dh\u00fan na nGall mar \u00f3stach do Chom\u00f3radh N\u00e1isi\u00fanta an Ghorta Mh\u00f3ir 2023 i bhfianaise gur cuireadh imeacht 2020 i nD\u00fan na nGall siar mar gheall ar an bpaind\u00e9im. Is cu\u00ed go mbeidh an \u00f3c\u00e1id ar si\u00fal ar shu\u00edomh Sheanteach na mBocht i mBaile na nGall\u00f3glach, i bhfianaise an aimhleasa a d\u2019fhulaing muintir Dh\u00fan na nGall i measc na bochtaineachta, an ocrais agus na heisimirce le linn an Ghorta Mh\u00f3ir agus an 19\u00fa haois. D\u00e9anfar machnamh le linn an Chom\u00f3rtha ar an m\u00f3r-imeacht seo i stair na h\u00c9ireann agus cuimhneofar ar gach \u00e9inne a d\u2019fhulaing mar thoradh ar an nGorta M\u00f3r.\u201d<\/p>\n<p>Chuir an tAire Martin in i\u00fal freisin go raibh s\u00ed bu\u00edoch as obair chomhalta\u00ed Choiste Com\u00f3rtha N\u00e1isi\u00fanta an Ghorta Mh\u00f3ir as a dtiomantas a chinnti\u00fa go gcuimhneofar go cu\u00ed ar imeachta\u00ed agus ar thionchair an Ghorta Mh\u00f3ir, agus go nd\u00e9antar ceili\u00faradh ar mhaireacht\u00e1il agus rath na ndaoine a chuaigh ar imirce agus a sliocht thar lear.<\/p>\n<p>D\u00fairt Cathaoirleach Chomhairle Chontae Dh\u00fan na nGall, Comhairleoir Liam Blaney:<\/p>\n<p>\u201cIs m\u00f3r an on\u00f3ir d\u00fainn go mbeidh deis ag muintir Dh\u00fan na nGall searmanas Com\u00f3rtha N\u00e1isi\u00fanta an Ghorta Mh\u00f3ir a \u00f3st\u00e1il in 2023. T\u00e1imid ag tn\u00fath le hoibri\u00fa go dl\u00fath le Roinn an Aire agus rannph\u00e1irt\u00edocht ghn\u00edomhach \u00e1r bpobal \u00e1iti\u00fail a spreagadh. D\u00e9anfaimid com\u00f3radh cu\u00ed le ch\u00e9ile ar an am tubaisteach sin i stair na h\u00c9ireann.\u201d<\/p>\n<p>\u2018D\u00e9anfar an com\u00f3radh seo in aice le su\u00edomh Sheanteach na mBocht agus reilig Bhaile na nGall\u00f3glach, at\u00e1 suite anseo: https:\/\/goo.gl\/maps\/7dQBV6G6AnsQuiAC8 <a href=\"https:\/\/goo.gl\/maps\/7dQBV6G6AnsQuiAC8\"><\/a><br \/>\n<img loading=\"lazy\" decoding=\"async\" class=\"aligncenter wp-image-2933\" style=\"display: block; margin-right: auto; margin-left: auto;\" src=\"https:\/\/www.irishfamine.ie\/app\/uploads\/2023\/03\/Milford-Famine-Cemetery-2-300x215.png\" alt=\"\" width=\"984\" height=\"705\" srcset=\"https:\/\/www.irishfamine.ie\/app\/uploads\/2023\/03\/Milford-Famine-Cemetery-2-300x215.png 300w, https:\/\/www.irishfamine.ie\/app\/uploads\/2023\/03\/Milford-Famine-Cemetery-2-1024x734.png 1024w, https:\/\/www.irishfamine.ie\/app\/uploads\/2023\/03\/Milford-Famine-Cemetery-2-768x551.png 768w, https:\/\/www.irishfamine.ie\/app\/uploads\/2023\/03\/Milford-Famine-Cemetery-2-1536x1101.png 1536w, https:\/\/www.irishfamine.ie\/app\/uploads\/2023\/03\/Milford-Famine-Cemetery-2.png 1646w\" sizes=\"auto, (max-width: 984px) 100vw, 984px\" \/><\/p>\n","protected":false},"excerpt":{"rendered":"<p>D&#8217;fh\u00f3gair Catherine Martin T.D., an tAire Turas\u00f3ireachta, Cult\u00fair, Eala\u00edon, Gaeltachta, Sp\u00f3irt agus Me\u00e1n, agus Cathaoirleach Choiste Com\u00f3rtha N\u00e1isi\u00fanta an Ghorta Mh\u00f3ir go mbeidh Com\u00f3radh Bliant\u00fail N\u00e1isi\u00fanta an Ghorta Mh\u00f3ir ar si\u00fal D\u00e9 Domhnaigh, an 21 Bealtaine 2023 i mBaile na nGall\u00f3glach, Co. Dh\u00fan na nGall. Seo an tr\u00ed\u00fa huair a bheidh Com\u00f3radh an St\u00e1it ar&#8230; <\/p>\n","protected":false},"author":1,"featured_media":2929,"comment_status":"closed","ping_status":"open","sticky":false,"template":"","format":"standard","meta":{"footnotes":""},"categories":[16],"tags":[],"class_list":["post-2938","post","type-post","status-publish","format-standard","has-post-thumbnail","hentry","category-comoradh-naisiunta-an-ghorta-mhoir"],"yoast_head":"<!-- This site is optimized with the Yoast SEO plugin v27.2 - https:\/\/yoast.com\/product\/yoast-seo-wordpress\/ -->\n<title>F\u00f3gairt Chom\u00f3radh N\u00e1isi\u00fanta an Ghorta Mh\u00f3ir 2023 - Com\u00f3radh N\u00e1isi\u00fanta an Ghorta Mh\u00f3ir<\/title>\n<meta name=\"robots\" content=\"index, follow, max-snippet:-1, max-image-preview:large, max-video-preview:-1\" \/>\n<link rel=\"canonical\" href=\"https:\/\/www.irishfamine.ie\/ga\/announcement-of-the-national-famine-commemoration-2023\/\" \/>\n<meta property=\"og:locale\" content=\"ga_IE\" \/>\n<meta property=\"og:type\" content=\"article\" \/>\n<meta property=\"og:title\" content=\"F\u00f3gairt Chom\u00f3radh N\u00e1isi\u00fanta an Ghorta Mh\u00f3ir 2023 - Com\u00f3radh N\u00e1isi\u00fanta an Ghorta Mh\u00f3ir\" \/>\n<meta property=\"og:description\" content=\"D&#8217;fh\u00f3gair Catherine Martin T.D., an tAire Turas\u00f3ireachta, Cult\u00fair, Eala\u00edon, Gaeltachta, Sp\u00f3irt agus Me\u00e1n, agus Cathaoirleach Choiste Com\u00f3rtha N\u00e1isi\u00fanta an Ghorta Mh\u00f3ir go mbeidh Com\u00f3radh Bliant\u00fail N\u00e1isi\u00fanta an Ghorta Mh\u00f3ir ar si\u00fal D\u00e9 Domhnaigh, an 21 Bealtaine 2023 i mBaile na nGall\u00f3glach, Co. Dh\u00fan na nGall. Seo an tr\u00ed\u00fa huair a bheidh Com\u00f3radh an St\u00e1it ar...\" \/>\n<meta property=\"og:url\" content=\"https:\/\/www.irishfamine.ie\/ga\/announcement-of-the-national-famine-commemoration-2023\/\" \/>\n<meta property=\"og:site_name\" content=\"Com\u00f3radh N\u00e1isi\u00fanta an Ghorta Mh\u00f3ir\" \/>\n<meta property=\"article:publisher\" content=\"https:\/\/www.facebook.com\/DepartmentofCultureIRL\/\" \/>\n<meta property=\"article:published_time\" content=\"2023-03-15T10:48:28+00:00\" \/>\n<meta property=\"article:modified_time\" content=\"2023-03-21T16:10:51+00:00\" \/>\n<meta property=\"og:image\" content=\"https:\/\/www.irishfamine.ie\/app\/uploads\/2023\/03\/Milford-Famine-Cemetery-1.jpg\" \/>\n\t<meta property=\"og:image:width\" content=\"1772\" \/>\n\t<meta property=\"og:image:height\" content=\"1181\" \/>\n\t<meta property=\"og:image:type\" content=\"image\/jpeg\" \/>\n<meta name=\"author\" content=\"fusio\" \/>\n<meta name=\"twitter:card\" content=\"summary_large_image\" \/>\n<meta name=\"twitter:creator\" content=\"@DeptCultureIRL\" \/>\n<meta name=\"twitter:site\" content=\"@DeptCultureIRL\" \/>\n<meta name=\"twitter:label1\" content=\"Written by\" \/>\n\t<meta name=\"twitter:data1\" content=\"fusio\" \/>\n\t<meta name=\"twitter:label2\" content=\"Est. reading time\" \/>\n\t<meta name=\"twitter:data2\" content=\"3 minutes\" \/>\n<script type=\"application\/ld+json\" class=\"yoast-schema-graph\">{\"@context\":\"https:\/\/schema.org\",\"@graph\":[{\"@type\":\"Article\",\"@id\":\"https:\/\/www.irishfamine.ie\/ga\/announcement-of-the-national-famine-commemoration-2023\/#article\",\"isPartOf\":{\"@id\":\"https:\/\/www.irishfamine.ie\/ga\/announcement-of-the-national-famine-commemoration-2023\/\"},\"author\":{\"name\":\"fusio\",\"@id\":\"https:\/\/www.irishfamine.ie\/ga\/#\/schema\/person\/ba34f085f1f4a037cb81333d0d3fbd64\"},\"headline\":\"F\u00f3gairt Chom\u00f3radh N\u00e1isi\u00fanta an Ghorta Mh\u00f3ir 2023\",\"datePublished\":\"2023-03-15T10:48:28+00:00\",\"dateModified\":\"2023-03-21T16:10:51+00:00\",\"mainEntityOfPage\":{\"@id\":\"https:\/\/www.irishfamine.ie\/ga\/announcement-of-the-national-famine-commemoration-2023\/\"},\"wordCount\":588,\"publisher\":{\"@id\":\"https:\/\/www.irishfamine.ie\/ga\/#organization\"},\"image\":{\"@id\":\"https:\/\/www.irishfamine.ie\/ga\/announcement-of-the-national-famine-commemoration-2023\/#primaryimage\"},\"thumbnailUrl\":\"https:\/\/www.irishfamine.ie\/app\/uploads\/2023\/03\/Milford-Famine-Cemetery-1.jpg\",\"articleSection\":[\"Com\u00f3radh N\u00e1isi\u00fanta an Ghorta Mh\u00f3ir\"],\"inLanguage\":\"ga-IE\"},{\"@type\":\"WebPage\",\"@id\":\"https:\/\/www.irishfamine.ie\/ga\/announcement-of-the-national-famine-commemoration-2023\/\",\"url\":\"https:\/\/www.irishfamine.ie\/ga\/announcement-of-the-national-famine-commemoration-2023\/\",\"name\":\"F\u00f3gairt Chom\u00f3radh N\u00e1isi\u00fanta an Ghorta Mh\u00f3ir 2023 - Com\u00f3radh N\u00e1isi\u00fanta an Ghorta Mh\u00f3ir\",\"isPartOf\":{\"@id\":\"https:\/\/www.irishfamine.ie\/ga\/#website\"},\"primaryImageOfPage\":{\"@id\":\"https:\/\/www.irishfamine.ie\/ga\/announcement-of-the-national-famine-commemoration-2023\/#primaryimage\"},\"image\":{\"@id\":\"https:\/\/www.irishfamine.ie\/ga\/announcement-of-the-national-famine-commemoration-2023\/#primaryimage\"},\"thumbnailUrl\":\"https:\/\/www.irishfamine.ie\/app\/uploads\/2023\/03\/Milford-Famine-Cemetery-1.jpg\",\"datePublished\":\"2023-03-15T10:48:28+00:00\",\"dateModified\":\"2023-03-21T16:10:51+00:00\",\"breadcrumb\":{\"@id\":\"https:\/\/www.irishfamine.ie\/ga\/announcement-of-the-national-famine-commemoration-2023\/#breadcrumb\"},\"inLanguage\":\"ga-IE\",\"potentialAction\":[{\"@type\":\"ReadAction\",\"target\":[\"https:\/\/www.irishfamine.ie\/ga\/announcement-of-the-national-famine-commemoration-2023\/\"]}]},{\"@type\":\"ImageObject\",\"inLanguage\":\"ga-IE\",\"@id\":\"https:\/\/www.irishfamine.ie\/ga\/announcement-of-the-national-famine-commemoration-2023\/#primaryimage\",\"url\":\"https:\/\/www.irishfamine.ie\/app\/uploads\/2023\/03\/Milford-Famine-Cemetery-1.jpg\",\"contentUrl\":\"https:\/\/www.irishfamine.ie\/app\/uploads\/2023\/03\/Milford-Famine-Cemetery-1.jpg\",\"width\":1772,\"height\":1181},{\"@type\":\"BreadcrumbList\",\"@id\":\"https:\/\/www.irishfamine.ie\/ga\/announcement-of-the-national-famine-commemoration-2023\/#breadcrumb\",\"itemListElement\":[{\"@type\":\"ListItem\",\"position\":1,\"name\":\"Home\",\"item\":\"https:\/\/www.irishfamine.ie\/ga\/\"},{\"@type\":\"ListItem\",\"position\":2,\"name\":\"F\u00f3gairt Chom\u00f3radh N\u00e1isi\u00fanta an Ghorta Mh\u00f3ir 2023\"}]},{\"@type\":\"WebSite\",\"@id\":\"https:\/\/www.irishfamine.ie\/ga\/#website\",\"url\":\"https:\/\/www.irishfamine.ie\/ga\/\",\"name\":\"National Famine Commemoration\",\"description\":\"\",\"publisher\":{\"@id\":\"https:\/\/www.irishfamine.ie\/ga\/#organization\"},\"potentialAction\":[{\"@type\":\"SearchAction\",\"target\":{\"@type\":\"EntryPoint\",\"urlTemplate\":\"https:\/\/www.irishfamine.ie\/ga\/?s={search_term_string}\"},\"query-input\":{\"@type\":\"PropertyValueSpecification\",\"valueRequired\":true,\"valueName\":\"search_term_string\"}}],\"inLanguage\":\"ga-IE\"},{\"@type\":\"Organization\",\"@id\":\"https:\/\/www.irishfamine.ie\/ga\/#organization\",\"name\":\"Department of Tourism, Culture, Arts, Gaeltacht, Sport & Media\",\"url\":\"https:\/\/www.irishfamine.ie\/ga\/\",\"logo\":{\"@type\":\"ImageObject\",\"inLanguage\":\"ga-IE\",\"@id\":\"https:\/\/www.irishfamine.ie\/ga\/#\/schema\/logo\/image\/\",\"url\":\"https:\/\/www.irishfamine.ie\/app\/uploads\/2021\/05\/dep-of-Tourism-Culture-Arts-Gaeltacht-sport-and-media-_logo.png\",\"contentUrl\":\"https:\/\/www.irishfamine.ie\/app\/uploads\/2021\/05\/dep-of-Tourism-Culture-Arts-Gaeltacht-sport-and-media-_logo.png\",\"width\":300,\"height\":148,\"caption\":\"Department of Tourism, Culture, Arts, Gaeltacht, Sport & Media\"},\"image\":{\"@id\":\"https:\/\/www.irishfamine.ie\/ga\/#\/schema\/logo\/image\/\"},\"sameAs\":[\"https:\/\/www.facebook.com\/DepartmentofCultureIRL\/\",\"https:\/\/x.com\/DeptCultureIRL\"]},{\"@type\":\"Person\",\"@id\":\"https:\/\/www.irishfamine.ie\/ga\/#\/schema\/person\/ba34f085f1f4a037cb81333d0d3fbd64\",\"name\":\"fusio\",\"image\":{\"@type\":\"ImageObject\",\"inLanguage\":\"ga-IE\",\"@id\":\"https:\/\/secure.gravatar.com\/avatar\/d349ee9d7fc6e9302fb292f7ccd9f7be31e122b416138a2f9002b21550666ec9?s=96&d=mm&r=g\",\"url\":\"https:\/\/secure.gravatar.com\/avatar\/d349ee9d7fc6e9302fb292f7ccd9f7be31e122b416138a2f9002b21550666ec9?s=96&d=mm&r=g\",\"contentUrl\":\"https:\/\/secure.gravatar.com\/avatar\/d349ee9d7fc6e9302fb292f7ccd9f7be31e122b416138a2f9002b21550666ec9?s=96&d=mm&r=g\",\"caption\":\"fusio\"},\"sameAs\":[\"http:\/\/test.irishfamine.ie\/wp\"],\"url\":\"https:\/\/www.irishfamine.ie\/ga\/author\/fusio\/\"}]}<\/script>\n<!-- \/ Yoast SEO plugin. -->","yoast_head_json":{"title":"F\u00f3gairt Chom\u00f3radh N\u00e1isi\u00fanta an Ghorta Mh\u00f3ir 2023 - Com\u00f3radh N\u00e1isi\u00fanta an Ghorta Mh\u00f3ir","robots":{"index":"index","follow":"follow","max-snippet":"max-snippet:-1","max-image-preview":"max-image-preview:large","max-video-preview":"max-video-preview:-1"},"canonical":"https:\/\/www.irishfamine.ie\/ga\/announcement-of-the-national-famine-commemoration-2023\/","og_locale":"ga_IE","og_type":"article","og_title":"F\u00f3gairt Chom\u00f3radh N\u00e1isi\u00fanta an Ghorta Mh\u00f3ir 2023 - Com\u00f3radh N\u00e1isi\u00fanta an Ghorta Mh\u00f3ir","og_description":"D&#8217;fh\u00f3gair Catherine Martin T.D., an tAire Turas\u00f3ireachta, Cult\u00fair, Eala\u00edon, Gaeltachta, Sp\u00f3irt agus Me\u00e1n, agus Cathaoirleach Choiste Com\u00f3rtha N\u00e1isi\u00fanta an Ghorta Mh\u00f3ir go mbeidh Com\u00f3radh Bliant\u00fail N\u00e1isi\u00fanta an Ghorta Mh\u00f3ir ar si\u00fal D\u00e9 Domhnaigh, an 21 Bealtaine 2023 i mBaile na nGall\u00f3glach, Co. Dh\u00fan na nGall. Seo an tr\u00ed\u00fa huair a bheidh Com\u00f3radh an St\u00e1it ar...","og_url":"https:\/\/www.irishfamine.ie\/ga\/announcement-of-the-national-famine-commemoration-2023\/","og_site_name":"Com\u00f3radh N\u00e1isi\u00fanta an Ghorta Mh\u00f3ir","article_publisher":"https:\/\/www.facebook.com\/DepartmentofCultureIRL\/","article_published_time":"2023-03-15T10:48:28+00:00","article_modified_time":"2023-03-21T16:10:51+00:00","og_image":[{"width":1772,"height":1181,"url":"https:\/\/www.irishfamine.ie\/app\/uploads\/2023\/03\/Milford-Famine-Cemetery-1.jpg","type":"image\/jpeg"}],"author":"fusio","twitter_card":"summary_large_image","twitter_creator":"@DeptCultureIRL","twitter_site":"@DeptCultureIRL","twitter_misc":{"Written by":"fusio","Est. reading time":"3 minutes"},"schema":{"@context":"https:\/\/schema.org","@graph":[{"@type":"Article","@id":"https:\/\/www.irishfamine.ie\/ga\/announcement-of-the-national-famine-commemoration-2023\/#article","isPartOf":{"@id":"https:\/\/www.irishfamine.ie\/ga\/announcement-of-the-national-famine-commemoration-2023\/"},"author":{"name":"fusio","@id":"https:\/\/www.irishfamine.ie\/ga\/#\/schema\/person\/ba34f085f1f4a037cb81333d0d3fbd64"},"headline":"F\u00f3gairt Chom\u00f3radh N\u00e1isi\u00fanta an Ghorta Mh\u00f3ir 2023","datePublished":"2023-03-15T10:48:28+00:00","dateModified":"2023-03-21T16:10:51+00:00","mainEntityOfPage":{"@id":"https:\/\/www.irishfamine.ie\/ga\/announcement-of-the-national-famine-commemoration-2023\/"},"wordCount":588,"publisher":{"@id":"https:\/\/www.irishfamine.ie\/ga\/#organization"},"image":{"@id":"https:\/\/www.irishfamine.ie\/ga\/announcement-of-the-national-famine-commemoration-2023\/#primaryimage"},"thumbnailUrl":"https:\/\/www.irishfamine.ie\/app\/uploads\/2023\/03\/Milford-Famine-Cemetery-1.jpg","articleSection":["Com\u00f3radh N\u00e1isi\u00fanta an Ghorta Mh\u00f3ir"],"inLanguage":"ga-IE"},{"@type":"WebPage","@id":"https:\/\/www.irishfamine.ie\/ga\/announcement-of-the-national-famine-commemoration-2023\/","url":"https:\/\/www.irishfamine.ie\/ga\/announcement-of-the-national-famine-commemoration-2023\/","name":"F\u00f3gairt Chom\u00f3radh N\u00e1isi\u00fanta an Ghorta Mh\u00f3ir 2023 - Com\u00f3radh N\u00e1isi\u00fanta an Ghorta Mh\u00f3ir","isPartOf":{"@id":"https:\/\/www.irishfamine.ie\/ga\/#website"},"primaryImageOfPage":{"@id":"https:\/\/www.irishfamine.ie\/ga\/announcement-of-the-national-famine-commemoration-2023\/#primaryimage"},"image":{"@id":"https:\/\/www.irishfamine.ie\/ga\/announcement-of-the-national-famine-commemoration-2023\/#primaryimage"},"thumbnailUrl":"https:\/\/www.irishfamine.ie\/app\/uploads\/2023\/03\/Milford-Famine-Cemetery-1.jpg","datePublished":"2023-03-15T10:48:28+00:00","dateModified":"2023-03-21T16:10:51+00:00","breadcrumb":{"@id":"https:\/\/www.irishfamine.ie\/ga\/announcement-of-the-national-famine-commemoration-2023\/#breadcrumb"},"inLanguage":"ga-IE","potentialAction":[{"@type":"ReadAction","target":["https:\/\/www.irishfamine.ie\/ga\/announcement-of-the-national-famine-commemoration-2023\/"]}]},{"@type":"ImageObject","inLanguage":"ga-IE","@id":"https:\/\/www.irishfamine.ie\/ga\/announcement-of-the-national-famine-commemoration-2023\/#primaryimage","url":"https:\/\/www.irishfamine.ie\/app\/uploads\/2023\/03\/Milford-Famine-Cemetery-1.jpg","contentUrl":"https:\/\/www.irishfamine.ie\/app\/uploads\/2023\/03\/Milford-Famine-Cemetery-1.jpg","width":1772,"height":1181},{"@type":"BreadcrumbList","@id":"https:\/\/www.irishfamine.ie\/ga\/announcement-of-the-national-famine-commemoration-2023\/#breadcrumb","itemListElement":[{"@type":"ListItem","position":1,"name":"Home","item":"https:\/\/www.irishfamine.ie\/ga\/"},{"@type":"ListItem","position":2,"name":"F\u00f3gairt Chom\u00f3radh N\u00e1isi\u00fanta an Ghorta Mh\u00f3ir 2023"}]},{"@type":"WebSite","@id":"https:\/\/www.irishfamine.ie\/ga\/#website","url":"https:\/\/www.irishfamine.ie\/ga\/","name":"National Famine Commemoration","description":"","publisher":{"@id":"https:\/\/www.irishfamine.ie\/ga\/#organization"},"potentialAction":[{"@type":"SearchAction","target":{"@type":"EntryPoint","urlTemplate":"https:\/\/www.irishfamine.ie\/ga\/?s={search_term_string}"},"query-input":{"@type":"PropertyValueSpecification","valueRequired":true,"valueName":"search_term_string"}}],"inLanguage":"ga-IE"},{"@type":"Organization","@id":"https:\/\/www.irishfamine.ie\/ga\/#organization","name":"Department of Tourism, Culture, Arts, Gaeltacht, Sport & Media","url":"https:\/\/www.irishfamine.ie\/ga\/","logo":{"@type":"ImageObject","inLanguage":"ga-IE","@id":"https:\/\/www.irishfamine.ie\/ga\/#\/schema\/logo\/image\/","url":"https:\/\/www.irishfamine.ie\/app\/uploads\/2021\/05\/dep-of-Tourism-Culture-Arts-Gaeltacht-sport-and-media-_logo.png","contentUrl":"https:\/\/www.irishfamine.ie\/app\/uploads\/2021\/05\/dep-of-Tourism-Culture-Arts-Gaeltacht-sport-and-media-_logo.png","width":300,"height":148,"caption":"Department of Tourism, Culture, Arts, Gaeltacht, Sport & Media"},"image":{"@id":"https:\/\/www.irishfamine.ie\/ga\/#\/schema\/logo\/image\/"},"sameAs":["https:\/\/www.facebook.com\/DepartmentofCultureIRL\/","https:\/\/x.com\/DeptCultureIRL"]},{"@type":"Person","@id":"https:\/\/www.irishfamine.ie\/ga\/#\/schema\/person\/ba34f085f1f4a037cb81333d0d3fbd64","name":"fusio","image":{"@type":"ImageObject","inLanguage":"ga-IE","@id":"https:\/\/secure.gravatar.com\/avatar\/d349ee9d7fc6e9302fb292f7ccd9f7be31e122b416138a2f9002b21550666ec9?s=96&d=mm&r=g","url":"https:\/\/secure.gravatar.com\/avatar\/d349ee9d7fc6e9302fb292f7ccd9f7be31e122b416138a2f9002b21550666ec9?s=96&d=mm&r=g","contentUrl":"https:\/\/secure.gravatar.com\/avatar\/d349ee9d7fc6e9302fb292f7ccd9f7be31e122b416138a2f9002b21550666ec9?s=96&d=mm&r=g","caption":"fusio"},"sameAs":["http:\/\/test.irishfamine.ie\/wp"],"url":"https:\/\/www.irishfamine.ie\/ga\/author\/fusio\/"}]}},"_links":{"self":[{"href":"https:\/\/www.irishfamine.ie\/ga\/wp-json\/wp\/v2\/posts\/2938","targetHints":{"allow":["GET"]}}],"collection":[{"href":"https:\/\/www.irishfamine.ie\/ga\/wp-json\/wp\/v2\/posts"}],"about":[{"href":"https:\/\/www.irishfamine.ie\/ga\/wp-json\/wp\/v2\/types\/post"}],"author":[{"embeddable":true,"href":"https:\/\/www.irishfamine.ie\/ga\/wp-json\/wp\/v2\/users\/1"}],"replies":[{"embeddable":true,"href":"https:\/\/www.irishfamine.ie\/ga\/wp-json\/wp\/v2\/comments?post=2938"}],"version-history":[{"count":2,"href":"https:\/\/www.irishfamine.ie\/ga\/wp-json\/wp\/v2\/posts\/2938\/revisions"}],"predecessor-version":[{"id":2959,"href":"https:\/\/www.irishfamine.ie\/ga\/wp-json\/wp\/v2\/posts\/2938\/revisions\/2959"}],"wp:featuredmedia":[{"embeddable":true,"href":"https:\/\/www.irishfamine.ie\/ga\/wp-json\/wp\/v2\/media\/2929"}],"wp:attachment":[{"href":"https:\/\/www.irishfamine.ie\/ga\/wp-json\/wp\/v2\/media?parent=2938"}],"wp:term":[{"taxonomy":"category","embeddable":true,"href":"https:\/\/www.irishfamine.ie\/ga\/wp-json\/wp\/v2\/categories?post=2938"},{"taxonomy":"post_tag","embeddable":true,"href":"https:\/\/www.irishfamine.ie\/ga\/wp-json\/wp\/v2\/tags?post=2938"}],"curies":[{"name":"wp","href":"https:\/\/api.w.org\/{rel}","templated":true}]}}