{"id":3126,"date":"2023-03-01T16:23:09","date_gmt":"2023-03-01T16:23:09","guid":{"rendered":"https:\/\/www.irishfamine.ie\/?p=3126"},"modified":"2024-05-14T16:11:10","modified_gmt":"2024-05-14T15:11:10","slug":"cuimhneachan-naisiunta-an-ghorta-mhoir-2018","status":"publish","type":"post","link":"https:\/\/www.irishfamine.ie\/ga\/cuimhneachan-naisiunta-an-ghorta-mhoir-2018\/","title":{"rendered":"Cuimhneach\u00e1n N\u00e1isi\u00fanta an Ghorta Mh\u00f3ir 2018"},"content":{"rendered":"<h3>Feidhm\u00edonn an tUachtar\u00e1n \u00d3 hUig\u00ednn agus an T\u00e1naiste Simon Coveney ag Searmanas Chuimhneach\u00e1n an Ghorta Mh\u00f3ir i gCol\u00e1iste na hOllscoile, Corcaigh<\/h3>\n<p>T\u00e1 an tUachtar\u00e1n Miche\u00e1l D. \u00d3 hUig\u00ednn inniu (D\u00e9 Sathairn 12 Bealtaine) ag feidhmi\u00fa ag Cuimhneach\u00e1n N\u00e1isi\u00fanta an Ghorta Mh\u00f3ir i gCol\u00e1iste na hOllscoile, Corcaigh. Beidh an T\u00e1naiste Simon Coveney T.D. ina theannta, ag d\u00e9anamh ionada\u00edochta don Rialtas.<\/p>\n<p>Tar \u00e9is an searmanas, tabharfaidh an tUachtar\u00e1n \u00d3 hUig\u00ednn cuairt ar an mBoth\u00e1n, macasamhail d\u2019\u00e1itreabh 4\u00fa haicme (arna rang\u00fa i ndaon\u00e1ireamh 1841 mar \u2018c\u00e1b\u00e1n seomra amh\u00e1in a t\u00f3gadh le h\u00e1bhar org\u00e1nach&#8217;), rud a l\u00e9ir\u00edonn d\u00e1la\u00ed maireacht\u00e1la uaf\u00e1sacha agus an-choitianta den am.<\/p>\n<p><a href=\"https:\/\/www.irishfamine.ie\/wp-content\/uploads\/2018\/05\/PresidentHiggins_NationalFamine2018-e1539088266794.jpg\"><img loading=\"lazy\" decoding=\"async\" class=\"alignleft size-medium wp-image-4474\" src=\"https:\/\/www.irishfamine.ie\/wp-content\/uploads\/2018\/05\/PresidentHiggins_NationalFamine2018-e1539088266794-200x300.jpg\" alt=\"\" width=\"200\" height=\"300\" \/><\/a>Seolfaidh an T\u00e1naiste, Simon Coveney, Gorta M\u00f3r na h\u00c9ireann Ar L\u00edne, san Aula Maxima, COC. Is m\u00f3r-chomhoibri\u00fa \u00e9 an acmhainn dhigiteach nua seo idir an Roinn T\u00edreola\u00edochta i gCOC agus an Roinn Cult\u00fair, Oidhreachta agus Gaeltachta agus beidh s\u00e9 ina fhoinse luachmhar de stair phoibl\u00ed do na gl\u00faine reatha agus sa todhcha\u00ed. Cuirfear mionsonra\u00ed faisn\u00e9ise i dt\u00edrdhreach s\u00f3isialta, polaiti\u00fail agus eacnama\u00edoch roimh an nGorta M\u00f3r agus d\u00e1 \u00e9is ar f\u00e1il d&#8217;\u00fas\u00e1ideoir\u00ed ar fud an domhain den ch\u00e9ad uair, tr\u00edd an App n\u00f3 tr\u00edd an \u00e1bhar a fheiscint ar l\u00edne.<\/p>\n<p>San \u00e1ireamh i searmanas foirmi\u00fail inniu beidh on\u00f3racha m\u00edleata agus searmanas fleascleagain ag Ambasad\u00f3ir\u00ed go h\u00c9irinn i gcuimhne orthusan uile a d&#8217;fhulaing n\u00f3 a d\u2019\u00e9ag le linn an Ghorta, chomh maith le l\u00e9amha, fil\u00edocht agus ceol, le dh\u00e1 ph\u00edosa ceoil le Se\u00e1n Doherty, &#8211; ar coimisi\u00fana\u00edodh an d\u00e1 cheann\u00a0<em>Professor Boole\u2019s Farewell<\/em>\u00a0agus\u00a0<em>Fr McCarthy\u2019s Lament, 1847<\/em>\u00a0&#8211; go speisialta don \u00f3c\u00e1id ag COC. Seinnfidh an Vanbrugh le Niall Vallely, agus a\u00edonna na hoibreacha seo. Seinnfidh Karan Casey agus Iarla \u00d3 Lion\u00e1ird, a chasfaidh le C\u00f3r cruinnithe comhdh\u00e9anta de Penny Dinners\/High Hopes Choir, C\u00f3r Pobail Bhun an T\u00e1bhairne agus Cumann C\u00f3r\u00fail COC.<\/p>\n<p><a href=\"https:\/\/president.ie\/en\/media-library\/speeches\/address-at-the-national-famine-commemoration-2018\"><strong>In \u00f3r\u00e1id an Uachtar\u00e1in \u00d3 hUig\u00ednn<\/strong><\/a>\u00a0tagr\u00f3far do na facht\u00f3ir\u00ed eacnama\u00edocha agus polaiti\u00fala a chuir leis an nGorta, an tionchar a bh\u00ed aige ar shocha\u00ed na h\u00c9ireann agus ar an nGaeilge, agus t\u00e1bhacht na scol\u00e1ireachta agus na n-eala\u00edon chun cuimhne na tubaiste is m\u00f3 i stair na h\u00c9ireann a chaomhn\u00fa.<\/p>\n<p><strong>Ag labhairt roimh an gCuimhneach\u00e1n, ghabh an Aire Cult\u00fair, Oidhreachta agus Gaeltachta, Josepha Madigan T.D.<\/strong>\u00a0bu\u00edochas do COC ag r\u00e1 go mbeidh \u201cCoimisi\u00fan\u00fa an cheoil ag COC a chum Se\u00e1n Doherty mar chuid d&#8217;oidhreacht na n-imeachta\u00ed an lae inniu agus is sampla eile \u00e9 de thiomantas an Chol\u00e1iste le fada chun an Gorta a chom\u00f3radh\u201d.<\/p>\n<p><strong>Agus \u00e9 ag labhairt inniu, d\u00fairt an T\u00e1naiste:<\/strong><\/p>\n<p>\u201cL\u00e9ir\u00edonn forbairt Ghorta M\u00f3r na h\u00c9ireann Ar L\u00edne toradh na hoibre thar thr\u00e9imhse blianta agus beidh s\u00e9 ina acmhainn mh\u00f3r do gach mac l\u00e9inn den Ghorta M\u00f3r. Don ch\u00e9ad uair, beidh daoine \u00e1balta faisn\u00e9is a fheiscint agus a anail\u00edsi\u00fa a thaispe\u00e1nann athruithe i dt\u00edrdhreach s\u00f3isialta, polaiti\u00fail agus eacnama\u00edoch roimh an nGorta agus d\u00e1 \u00e9is.\u201d<\/p>\n<p><strong>D\u00fairt Uachtar\u00e1n COC, an tOllamh Patrick O&#8217;Shea:<\/strong><\/p>\n<p>T\u00e1im bu\u00edoch do gach duine a ghlac p\u00e1irt sa chom\u00f3radh inniu. Mar phobal scol\u00e1ir\u00ed, leanann COC ar aghaidh chun a chinnti\u00fa go gcuimhneofar go cu\u00ed ar na daoine a d\u2019fhulaing le linn na tubaiste seo. Ba mhaith liom freisin aitheantas a thabhairt d\u00e1r bp\u00e1irtn\u00e9ir\u00ed sa phobal ar shaibhrigh a nd\u00edograis agus a gcruthaitheacht an cl\u00e1r gn\u00edomha\u00edochta\u00ed a eagra\u00edodh chun comhthitim le Cuimhneach\u00e1n inniu.<\/p>\n","protected":false},"excerpt":{"rendered":"<p>Feidhm\u00edonn an tUachtar\u00e1n \u00d3 hUig\u00ednn agus an T\u00e1naiste Simon Coveney ag Searmanas Chuimhneach\u00e1n an Ghorta Mh\u00f3ir i gCol\u00e1iste na hOllscoile, Corcaigh T\u00e1 an tUachtar\u00e1n Miche\u00e1l D. \u00d3 hUig\u00ednn inniu (D\u00e9 Sathairn 12 Bealtaine) ag feidhmi\u00fa ag Cuimhneach\u00e1n N\u00e1isi\u00fanta an Ghorta Mh\u00f3ir i gCol\u00e1iste na hOllscoile, Corcaigh. Beidh an T\u00e1naiste Simon Coveney T.D. ina theannta, ag&#8230; <\/p>\n","protected":false},"author":13,"featured_media":0,"comment_status":"closed","ping_status":"open","sticky":false,"template":"","format":"standard","meta":{"footnotes":""},"categories":[16],"tags":[],"class_list":["post-3126","post","type-post","status-publish","format-standard","hentry","category-comoradh-naisiunta-an-ghorta-mhoir"],"yoast_head":"<!-- This site is optimized with the Yoast SEO plugin v27.2 - https:\/\/yoast.com\/product\/yoast-seo-wordpress\/ -->\n<title>Cuimhneach\u00e1n N\u00e1isi\u00fanta an Ghorta Mh\u00f3ir 2018 - Com\u00f3radh N\u00e1isi\u00fanta an Ghorta Mh\u00f3ir<\/title>\n<meta name=\"robots\" content=\"index, follow, max-snippet:-1, max-image-preview:large, max-video-preview:-1\" \/>\n<link rel=\"canonical\" href=\"https:\/\/www.irishfamine.ie\/ga\/cuimhneachan-naisiunta-an-ghorta-mhoir-2018\/\" \/>\n<meta property=\"og:locale\" content=\"ga_IE\" \/>\n<meta property=\"og:type\" content=\"article\" \/>\n<meta property=\"og:title\" content=\"Cuimhneach\u00e1n N\u00e1isi\u00fanta an Ghorta Mh\u00f3ir 2018 - Com\u00f3radh N\u00e1isi\u00fanta an Ghorta Mh\u00f3ir\" \/>\n<meta property=\"og:description\" content=\"Feidhm\u00edonn an tUachtar\u00e1n \u00d3 hUig\u00ednn agus an T\u00e1naiste Simon Coveney ag Searmanas Chuimhneach\u00e1n an Ghorta Mh\u00f3ir i gCol\u00e1iste na hOllscoile, Corcaigh T\u00e1 an tUachtar\u00e1n Miche\u00e1l D. \u00d3 hUig\u00ednn inniu (D\u00e9 Sathairn 12 Bealtaine) ag feidhmi\u00fa ag Cuimhneach\u00e1n N\u00e1isi\u00fanta an Ghorta Mh\u00f3ir i gCol\u00e1iste na hOllscoile, Corcaigh. Beidh an T\u00e1naiste Simon Coveney T.D. ina theannta, ag...\" \/>\n<meta property=\"og:url\" content=\"https:\/\/www.irishfamine.ie\/ga\/cuimhneachan-naisiunta-an-ghorta-mhoir-2018\/\" \/>\n<meta property=\"og:site_name\" content=\"Com\u00f3radh N\u00e1isi\u00fanta an Ghorta Mh\u00f3ir\" \/>\n<meta property=\"article:publisher\" content=\"https:\/\/www.facebook.com\/DepartmentofCultureIRL\/\" \/>\n<meta property=\"article:published_time\" content=\"2023-03-01T16:23:09+00:00\" \/>\n<meta property=\"article:modified_time\" content=\"2024-05-14T15:11:10+00:00\" \/>\n<meta property=\"og:image\" content=\"https:\/\/www.irishfamine.ie\/wp-content\/uploads\/2018\/05\/PresidentHiggins_NationalFamine2018-e1539088266794-200x300.jpg\" \/>\n<meta name=\"author\" content=\"Muirne Lyons\" \/>\n<meta name=\"twitter:card\" content=\"summary_large_image\" \/>\n<meta name=\"twitter:creator\" content=\"@DeptCultureIRL\" \/>\n<meta name=\"twitter:site\" content=\"@DeptCultureIRL\" \/>\n<meta name=\"twitter:label1\" content=\"Written by\" \/>\n\t<meta name=\"twitter:data1\" content=\"Muirne Lyons\" \/>\n\t<meta name=\"twitter:label2\" content=\"Est. reading time\" \/>\n\t<meta name=\"twitter:data2\" content=\"3 minutes\" \/>\n<script type=\"application\/ld+json\" class=\"yoast-schema-graph\">{\"@context\":\"https:\/\/schema.org\",\"@graph\":[{\"@type\":\"Article\",\"@id\":\"https:\/\/www.irishfamine.ie\/ga\/cuimhneachan-naisiunta-an-ghorta-mhoir-2018\/#article\",\"isPartOf\":{\"@id\":\"https:\/\/www.irishfamine.ie\/ga\/cuimhneachan-naisiunta-an-ghorta-mhoir-2018\/\"},\"author\":{\"name\":\"Muirne Lyons\",\"@id\":\"https:\/\/www.irishfamine.ie\/ga\/#\/schema\/person\/371cdee80d29c1dde6797dcfc93a10da\"},\"headline\":\"Cuimhneach\u00e1n N\u00e1isi\u00fanta an Ghorta Mh\u00f3ir 2018\",\"datePublished\":\"2023-03-01T16:23:09+00:00\",\"dateModified\":\"2024-05-14T15:11:10+00:00\",\"mainEntityOfPage\":{\"@id\":\"https:\/\/www.irishfamine.ie\/ga\/cuimhneachan-naisiunta-an-ghorta-mhoir-2018\/\"},\"wordCount\":665,\"publisher\":{\"@id\":\"https:\/\/www.irishfamine.ie\/ga\/#organization\"},\"image\":{\"@id\":\"https:\/\/www.irishfamine.ie\/ga\/cuimhneachan-naisiunta-an-ghorta-mhoir-2018\/#primaryimage\"},\"thumbnailUrl\":\"https:\/\/www.irishfamine.ie\/wp-content\/uploads\/2018\/05\/PresidentHiggins_NationalFamine2018-e1539088266794-200x300.jpg\",\"articleSection\":[\"Com\u00f3radh N\u00e1isi\u00fanta an Ghorta Mh\u00f3ir\"],\"inLanguage\":\"ga-IE\"},{\"@type\":\"WebPage\",\"@id\":\"https:\/\/www.irishfamine.ie\/ga\/cuimhneachan-naisiunta-an-ghorta-mhoir-2018\/\",\"url\":\"https:\/\/www.irishfamine.ie\/ga\/cuimhneachan-naisiunta-an-ghorta-mhoir-2018\/\",\"name\":\"Cuimhneach\u00e1n N\u00e1isi\u00fanta an Ghorta Mh\u00f3ir 2018 - Com\u00f3radh N\u00e1isi\u00fanta an Ghorta Mh\u00f3ir\",\"isPartOf\":{\"@id\":\"https:\/\/www.irishfamine.ie\/ga\/#website\"},\"primaryImageOfPage\":{\"@id\":\"https:\/\/www.irishfamine.ie\/ga\/cuimhneachan-naisiunta-an-ghorta-mhoir-2018\/#primaryimage\"},\"image\":{\"@id\":\"https:\/\/www.irishfamine.ie\/ga\/cuimhneachan-naisiunta-an-ghorta-mhoir-2018\/#primaryimage\"},\"thumbnailUrl\":\"https:\/\/www.irishfamine.ie\/wp-content\/uploads\/2018\/05\/PresidentHiggins_NationalFamine2018-e1539088266794-200x300.jpg\",\"datePublished\":\"2023-03-01T16:23:09+00:00\",\"dateModified\":\"2024-05-14T15:11:10+00:00\",\"breadcrumb\":{\"@id\":\"https:\/\/www.irishfamine.ie\/ga\/cuimhneachan-naisiunta-an-ghorta-mhoir-2018\/#breadcrumb\"},\"inLanguage\":\"ga-IE\",\"potentialAction\":[{\"@type\":\"ReadAction\",\"target\":[\"https:\/\/www.irishfamine.ie\/ga\/cuimhneachan-naisiunta-an-ghorta-mhoir-2018\/\"]}]},{\"@type\":\"ImageObject\",\"inLanguage\":\"ga-IE\",\"@id\":\"https:\/\/www.irishfamine.ie\/ga\/cuimhneachan-naisiunta-an-ghorta-mhoir-2018\/#primaryimage\",\"url\":\"https:\/\/www.irishfamine.ie\/wp-content\/uploads\/2018\/05\/PresidentHiggins_NationalFamine2018-e1539088266794-200x300.jpg\",\"contentUrl\":\"https:\/\/www.irishfamine.ie\/wp-content\/uploads\/2018\/05\/PresidentHiggins_NationalFamine2018-e1539088266794-200x300.jpg\"},{\"@type\":\"BreadcrumbList\",\"@id\":\"https:\/\/www.irishfamine.ie\/ga\/cuimhneachan-naisiunta-an-ghorta-mhoir-2018\/#breadcrumb\",\"itemListElement\":[{\"@type\":\"ListItem\",\"position\":1,\"name\":\"Home\",\"item\":\"https:\/\/www.irishfamine.ie\/ga\/\"},{\"@type\":\"ListItem\",\"position\":2,\"name\":\"Cuimhneach\u00e1n N\u00e1isi\u00fanta an Ghorta Mh\u00f3ir 2018\"}]},{\"@type\":\"WebSite\",\"@id\":\"https:\/\/www.irishfamine.ie\/ga\/#website\",\"url\":\"https:\/\/www.irishfamine.ie\/ga\/\",\"name\":\"National Famine Commemoration\",\"description\":\"\",\"publisher\":{\"@id\":\"https:\/\/www.irishfamine.ie\/ga\/#organization\"},\"potentialAction\":[{\"@type\":\"SearchAction\",\"target\":{\"@type\":\"EntryPoint\",\"urlTemplate\":\"https:\/\/www.irishfamine.ie\/ga\/?s={search_term_string}\"},\"query-input\":{\"@type\":\"PropertyValueSpecification\",\"valueRequired\":true,\"valueName\":\"search_term_string\"}}],\"inLanguage\":\"ga-IE\"},{\"@type\":\"Organization\",\"@id\":\"https:\/\/www.irishfamine.ie\/ga\/#organization\",\"name\":\"Department of Tourism, Culture, Arts, Gaeltacht, Sport & Media\",\"url\":\"https:\/\/www.irishfamine.ie\/ga\/\",\"logo\":{\"@type\":\"ImageObject\",\"inLanguage\":\"ga-IE\",\"@id\":\"https:\/\/www.irishfamine.ie\/ga\/#\/schema\/logo\/image\/\",\"url\":\"https:\/\/www.irishfamine.ie\/app\/uploads\/2021\/05\/dep-of-Tourism-Culture-Arts-Gaeltacht-sport-and-media-_logo.png\",\"contentUrl\":\"https:\/\/www.irishfamine.ie\/app\/uploads\/2021\/05\/dep-of-Tourism-Culture-Arts-Gaeltacht-sport-and-media-_logo.png\",\"width\":300,\"height\":148,\"caption\":\"Department of Tourism, Culture, Arts, Gaeltacht, Sport & Media\"},\"image\":{\"@id\":\"https:\/\/www.irishfamine.ie\/ga\/#\/schema\/logo\/image\/\"},\"sameAs\":[\"https:\/\/www.facebook.com\/DepartmentofCultureIRL\/\",\"https:\/\/x.com\/DeptCultureIRL\"]},{\"@type\":\"Person\",\"@id\":\"https:\/\/www.irishfamine.ie\/ga\/#\/schema\/person\/371cdee80d29c1dde6797dcfc93a10da\",\"name\":\"Muirne Lyons\",\"image\":{\"@type\":\"ImageObject\",\"inLanguage\":\"ga-IE\",\"@id\":\"https:\/\/secure.gravatar.com\/avatar\/b5a5fc664c855d44af9e295b6a3e8538d080c374d2d427e0028934fb7b404650?s=96&d=mm&r=g\",\"url\":\"https:\/\/secure.gravatar.com\/avatar\/b5a5fc664c855d44af9e295b6a3e8538d080c374d2d427e0028934fb7b404650?s=96&d=mm&r=g\",\"contentUrl\":\"https:\/\/secure.gravatar.com\/avatar\/b5a5fc664c855d44af9e295b6a3e8538d080c374d2d427e0028934fb7b404650?s=96&d=mm&r=g\",\"caption\":\"Muirne Lyons\"},\"url\":\"https:\/\/www.irishfamine.ie\/ga\/author\/muirne-lyons\/\"}]}<\/script>\n<!-- \/ Yoast SEO plugin. -->","yoast_head_json":{"title":"Cuimhneach\u00e1n N\u00e1isi\u00fanta an Ghorta Mh\u00f3ir 2018 - Com\u00f3radh N\u00e1isi\u00fanta an Ghorta Mh\u00f3ir","robots":{"index":"index","follow":"follow","max-snippet":"max-snippet:-1","max-image-preview":"max-image-preview:large","max-video-preview":"max-video-preview:-1"},"canonical":"https:\/\/www.irishfamine.ie\/ga\/cuimhneachan-naisiunta-an-ghorta-mhoir-2018\/","og_locale":"ga_IE","og_type":"article","og_title":"Cuimhneach\u00e1n N\u00e1isi\u00fanta an Ghorta Mh\u00f3ir 2018 - Com\u00f3radh N\u00e1isi\u00fanta an Ghorta Mh\u00f3ir","og_description":"Feidhm\u00edonn an tUachtar\u00e1n \u00d3 hUig\u00ednn agus an T\u00e1naiste Simon Coveney ag Searmanas Chuimhneach\u00e1n an Ghorta Mh\u00f3ir i gCol\u00e1iste na hOllscoile, Corcaigh T\u00e1 an tUachtar\u00e1n Miche\u00e1l D. \u00d3 hUig\u00ednn inniu (D\u00e9 Sathairn 12 Bealtaine) ag feidhmi\u00fa ag Cuimhneach\u00e1n N\u00e1isi\u00fanta an Ghorta Mh\u00f3ir i gCol\u00e1iste na hOllscoile, Corcaigh. Beidh an T\u00e1naiste Simon Coveney T.D. ina theannta, ag...","og_url":"https:\/\/www.irishfamine.ie\/ga\/cuimhneachan-naisiunta-an-ghorta-mhoir-2018\/","og_site_name":"Com\u00f3radh N\u00e1isi\u00fanta an Ghorta Mh\u00f3ir","article_publisher":"https:\/\/www.facebook.com\/DepartmentofCultureIRL\/","article_published_time":"2023-03-01T16:23:09+00:00","article_modified_time":"2024-05-14T15:11:10+00:00","og_image":[{"url":"https:\/\/www.irishfamine.ie\/wp-content\/uploads\/2018\/05\/PresidentHiggins_NationalFamine2018-e1539088266794-200x300.jpg","type":"","width":"","height":""}],"author":"Muirne Lyons","twitter_card":"summary_large_image","twitter_creator":"@DeptCultureIRL","twitter_site":"@DeptCultureIRL","twitter_misc":{"Written by":"Muirne Lyons","Est. reading time":"3 minutes"},"schema":{"@context":"https:\/\/schema.org","@graph":[{"@type":"Article","@id":"https:\/\/www.irishfamine.ie\/ga\/cuimhneachan-naisiunta-an-ghorta-mhoir-2018\/#article","isPartOf":{"@id":"https:\/\/www.irishfamine.ie\/ga\/cuimhneachan-naisiunta-an-ghorta-mhoir-2018\/"},"author":{"name":"Muirne Lyons","@id":"https:\/\/www.irishfamine.ie\/ga\/#\/schema\/person\/371cdee80d29c1dde6797dcfc93a10da"},"headline":"Cuimhneach\u00e1n N\u00e1isi\u00fanta an Ghorta Mh\u00f3ir 2018","datePublished":"2023-03-01T16:23:09+00:00","dateModified":"2024-05-14T15:11:10+00:00","mainEntityOfPage":{"@id":"https:\/\/www.irishfamine.ie\/ga\/cuimhneachan-naisiunta-an-ghorta-mhoir-2018\/"},"wordCount":665,"publisher":{"@id":"https:\/\/www.irishfamine.ie\/ga\/#organization"},"image":{"@id":"https:\/\/www.irishfamine.ie\/ga\/cuimhneachan-naisiunta-an-ghorta-mhoir-2018\/#primaryimage"},"thumbnailUrl":"https:\/\/www.irishfamine.ie\/wp-content\/uploads\/2018\/05\/PresidentHiggins_NationalFamine2018-e1539088266794-200x300.jpg","articleSection":["Com\u00f3radh N\u00e1isi\u00fanta an Ghorta Mh\u00f3ir"],"inLanguage":"ga-IE"},{"@type":"WebPage","@id":"https:\/\/www.irishfamine.ie\/ga\/cuimhneachan-naisiunta-an-ghorta-mhoir-2018\/","url":"https:\/\/www.irishfamine.ie\/ga\/cuimhneachan-naisiunta-an-ghorta-mhoir-2018\/","name":"Cuimhneach\u00e1n N\u00e1isi\u00fanta an Ghorta Mh\u00f3ir 2018 - Com\u00f3radh N\u00e1isi\u00fanta an Ghorta Mh\u00f3ir","isPartOf":{"@id":"https:\/\/www.irishfamine.ie\/ga\/#website"},"primaryImageOfPage":{"@id":"https:\/\/www.irishfamine.ie\/ga\/cuimhneachan-naisiunta-an-ghorta-mhoir-2018\/#primaryimage"},"image":{"@id":"https:\/\/www.irishfamine.ie\/ga\/cuimhneachan-naisiunta-an-ghorta-mhoir-2018\/#primaryimage"},"thumbnailUrl":"https:\/\/www.irishfamine.ie\/wp-content\/uploads\/2018\/05\/PresidentHiggins_NationalFamine2018-e1539088266794-200x300.jpg","datePublished":"2023-03-01T16:23:09+00:00","dateModified":"2024-05-14T15:11:10+00:00","breadcrumb":{"@id":"https:\/\/www.irishfamine.ie\/ga\/cuimhneachan-naisiunta-an-ghorta-mhoir-2018\/#breadcrumb"},"inLanguage":"ga-IE","potentialAction":[{"@type":"ReadAction","target":["https:\/\/www.irishfamine.ie\/ga\/cuimhneachan-naisiunta-an-ghorta-mhoir-2018\/"]}]},{"@type":"ImageObject","inLanguage":"ga-IE","@id":"https:\/\/www.irishfamine.ie\/ga\/cuimhneachan-naisiunta-an-ghorta-mhoir-2018\/#primaryimage","url":"https:\/\/www.irishfamine.ie\/wp-content\/uploads\/2018\/05\/PresidentHiggins_NationalFamine2018-e1539088266794-200x300.jpg","contentUrl":"https:\/\/www.irishfamine.ie\/wp-content\/uploads\/2018\/05\/PresidentHiggins_NationalFamine2018-e1539088266794-200x300.jpg"},{"@type":"BreadcrumbList","@id":"https:\/\/www.irishfamine.ie\/ga\/cuimhneachan-naisiunta-an-ghorta-mhoir-2018\/#breadcrumb","itemListElement":[{"@type":"ListItem","position":1,"name":"Home","item":"https:\/\/www.irishfamine.ie\/ga\/"},{"@type":"ListItem","position":2,"name":"Cuimhneach\u00e1n N\u00e1isi\u00fanta an Ghorta Mh\u00f3ir 2018"}]},{"@type":"WebSite","@id":"https:\/\/www.irishfamine.ie\/ga\/#website","url":"https:\/\/www.irishfamine.ie\/ga\/","name":"National Famine Commemoration","description":"","publisher":{"@id":"https:\/\/www.irishfamine.ie\/ga\/#organization"},"potentialAction":[{"@type":"SearchAction","target":{"@type":"EntryPoint","urlTemplate":"https:\/\/www.irishfamine.ie\/ga\/?s={search_term_string}"},"query-input":{"@type":"PropertyValueSpecification","valueRequired":true,"valueName":"search_term_string"}}],"inLanguage":"ga-IE"},{"@type":"Organization","@id":"https:\/\/www.irishfamine.ie\/ga\/#organization","name":"Department of Tourism, Culture, Arts, Gaeltacht, Sport & Media","url":"https:\/\/www.irishfamine.ie\/ga\/","logo":{"@type":"ImageObject","inLanguage":"ga-IE","@id":"https:\/\/www.irishfamine.ie\/ga\/#\/schema\/logo\/image\/","url":"https:\/\/www.irishfamine.ie\/app\/uploads\/2021\/05\/dep-of-Tourism-Culture-Arts-Gaeltacht-sport-and-media-_logo.png","contentUrl":"https:\/\/www.irishfamine.ie\/app\/uploads\/2021\/05\/dep-of-Tourism-Culture-Arts-Gaeltacht-sport-and-media-_logo.png","width":300,"height":148,"caption":"Department of Tourism, Culture, Arts, Gaeltacht, Sport & Media"},"image":{"@id":"https:\/\/www.irishfamine.ie\/ga\/#\/schema\/logo\/image\/"},"sameAs":["https:\/\/www.facebook.com\/DepartmentofCultureIRL\/","https:\/\/x.com\/DeptCultureIRL"]},{"@type":"Person","@id":"https:\/\/www.irishfamine.ie\/ga\/#\/schema\/person\/371cdee80d29c1dde6797dcfc93a10da","name":"Muirne Lyons","image":{"@type":"ImageObject","inLanguage":"ga-IE","@id":"https:\/\/secure.gravatar.com\/avatar\/b5a5fc664c855d44af9e295b6a3e8538d080c374d2d427e0028934fb7b404650?s=96&d=mm&r=g","url":"https:\/\/secure.gravatar.com\/avatar\/b5a5fc664c855d44af9e295b6a3e8538d080c374d2d427e0028934fb7b404650?s=96&d=mm&r=g","contentUrl":"https:\/\/secure.gravatar.com\/avatar\/b5a5fc664c855d44af9e295b6a3e8538d080c374d2d427e0028934fb7b404650?s=96&d=mm&r=g","caption":"Muirne Lyons"},"url":"https:\/\/www.irishfamine.ie\/ga\/author\/muirne-lyons\/"}]}},"_links":{"self":[{"href":"https:\/\/www.irishfamine.ie\/ga\/wp-json\/wp\/v2\/posts\/3126","targetHints":{"allow":["GET"]}}],"collection":[{"href":"https:\/\/www.irishfamine.ie\/ga\/wp-json\/wp\/v2\/posts"}],"about":[{"href":"https:\/\/www.irishfamine.ie\/ga\/wp-json\/wp\/v2\/types\/post"}],"author":[{"embeddable":true,"href":"https:\/\/www.irishfamine.ie\/ga\/wp-json\/wp\/v2\/users\/13"}],"replies":[{"embeddable":true,"href":"https:\/\/www.irishfamine.ie\/ga\/wp-json\/wp\/v2\/comments?post=3126"}],"version-history":[{"count":1,"href":"https:\/\/www.irishfamine.ie\/ga\/wp-json\/wp\/v2\/posts\/3126\/revisions"}],"predecessor-version":[{"id":3127,"href":"https:\/\/www.irishfamine.ie\/ga\/wp-json\/wp\/v2\/posts\/3126\/revisions\/3127"}],"wp:attachment":[{"href":"https:\/\/www.irishfamine.ie\/ga\/wp-json\/wp\/v2\/media?parent=3126"}],"wp:term":[{"taxonomy":"category","embeddable":true,"href":"https:\/\/www.irishfamine.ie\/ga\/wp-json\/wp\/v2\/categories?post=3126"},{"taxonomy":"post_tag","embeddable":true,"href":"https:\/\/www.irishfamine.ie\/ga\/wp-json\/wp\/v2\/tags?post=3126"}],"curies":[{"name":"wp","href":"https:\/\/api.w.org\/{rel}","templated":true}]}}