{"id":3131,"date":"2023-02-28T16:28:21","date_gmt":"2023-02-28T16:28:21","guid":{"rendered":"https:\/\/www.irishfamine.ie\/?p=3131"},"modified":"2024-05-14T16:11:19","modified_gmt":"2024-05-14T15:11:19","slug":"3131","status":"publish","type":"post","link":"https:\/\/www.irishfamine.ie\/ga\/3131\/","title":{"rendered":"Cuimhneach\u00e1n Idirn\u00e1isi\u00fanta 2018"},"content":{"rendered":"<p><strong>D\u00e9anann an tAire St\u00e1it O\u2019Donovan ionada\u00edocht don Rialtas ag Cuimhneach\u00e1n Idirn\u00e1isi\u00fanta an Ghorta Mh\u00f3ir 2018, Williamstown, Melbourne<\/strong><\/p>\n<p>Beidh Cuimhneach\u00e1n Idirn\u00e1isi\u00fanta an Ghorta 2018 ar si\u00fal ag Carraig an Ghorta Mh\u00f3ir in Williamstown, Melbourne D\u00e9 Domhnaigh, an 28 October.\u00a0 Thaistil breis agus 4,000 bean agus cail\u00edn \u00f3g \u00c9ireannach \u00f3 thithe na mbocht in \u00c9irinn idir 1848 agus 1850 faoi Sc\u00e9im Earl Grey, agus d\u00f3chas agus t\u00fas nua \u00e1 lorg acu. D\u00e9anann Carraig an Ghorta cuimhneach\u00e1n ar a dteacht.<\/p>\n<p>D\u00fairt an tAire St\u00e1it Patrick O\u2019Donovan, T.D. \u2013 a dh\u00e9anfaidh ionada\u00edocht don Rialtas thar ceann Chathaoirleach Choiste Cuimhneach\u00e1in N\u00e1isi\u00fanta an Ghorta Mh\u00f3ir, an tAire Cult\u00fair, Oidhreachta agus Gaeltachta, Josepha Madigan, T.D.: \u201c<em>Ag imeacht na bliana seo, d\u00edr\u00edmid ar chruach\u00e1s na mban agus na gcail\u00edn\u00ed \u00f3ga seo a th\u00e1inig go Melbourne chun teitheadh \u00f3n slad a bh\u00ed \u00e1 dh\u00e9anamh ag an nGorta M\u00f3r. Caithfear meas a bheith agat ar mhisneach agus neart na mban \u00f3g seo. Bh\u00ed todhcha\u00ed \u00e9iginnte i nd\u00e1n d\u00f3ibh i dt\u00edr aisteach agus i bhfad i gc\u00e9in. L\u00e9ir\u00edtear ar an s\u00e9adchomhartha simpl\u00ed ach daingean \u2013 Carraig an Ghorta \u2013 teachtaireacht shimpl\u00ed ach dhaingean. N\u00ed dhearnamar agus n\u00ed dh\u00e9anfaimid dearmad orthu si\u00fad a d\u2019fhulaing agus a d\u2019imigh ar shl\u00ed na f\u00edrinne, agus iad si\u00fad a bh\u00ed ag streachailt agus a th\u00e1inig sl\u00e1n \u00f3n nGorta M\u00f3r.<\/em>&#8221;<\/p>\n<p>\u201c<em>Ba mhaith liom mo bhu\u00edochas \u00f3 chro\u00ed a chur in i\u00fal, thar ceann Choiste Cuimhneach\u00e1in N\u00e1isi\u00fanta an Ghorta Mh\u00f3ir, d\u2019eagraithe an Chuimhneach\u00e1in oifigi\u00fail in Williamstown agus do na daoine eile go l\u00e9ir a chuir le gach imeacht ar fhreastail m\u00e9 orthu an tseachtain seo. Chinntigh do thiomantas go bhfuil imeachta\u00ed tubaisteacha an Ghorta Mh\u00f3ir \u00e1 dtabhairt chun cuimhne go cu\u00ed.<\/em>\u201d<\/p>\n<p>Fad a bheidh s\u00e9 san Astr\u00e1il, casfaidh an tAire O\u2019Donovan le gr\u00fapa\u00ed pobail \u00c9ireannacha agus ionadaithe de Rialtas na hAstr\u00e1ile, chomh maith.<\/p>\n<p><img decoding=\"async\" src=\"https:\/\/www.irishfamine.ie\/wp-content\/uploads\/2018\/11\/image1-225x300.jpg\" \/><\/p>\n","protected":false},"excerpt":{"rendered":"<p>D\u00e9anann an tAire St\u00e1it O\u2019Donovan ionada\u00edocht don Rialtas ag Cuimhneach\u00e1n Idirn\u00e1isi\u00fanta an Ghorta Mh\u00f3ir 2018, Williamstown, Melbourne Beidh Cuimhneach\u00e1n Idirn\u00e1isi\u00fanta an Ghorta 2018 ar si\u00fal ag Carraig an Ghorta Mh\u00f3ir in Williamstown, Melbourne D\u00e9 Domhnaigh, an 28 October.\u00a0 Thaistil breis agus 4,000 bean agus cail\u00edn \u00f3g \u00c9ireannach \u00f3 thithe na mbocht in \u00c9irinn idir 1848&#8230; <\/p>\n","protected":false},"author":13,"featured_media":0,"comment_status":"closed","ping_status":"open","sticky":false,"template":"","format":"standard","meta":{"footnotes":""},"categories":[16],"tags":[],"class_list":["post-3131","post","type-post","status-publish","format-standard","hentry","category-comoradh-naisiunta-an-ghorta-mhoir"],"yoast_head":"<!-- This site is optimized with the Yoast SEO plugin v27.2 - https:\/\/yoast.com\/product\/yoast-seo-wordpress\/ -->\n<title>Cuimhneach\u00e1n Idirn\u00e1isi\u00fanta 2018 - Com\u00f3radh N\u00e1isi\u00fanta an Ghorta Mh\u00f3ir<\/title>\n<meta name=\"robots\" content=\"index, follow, max-snippet:-1, max-image-preview:large, max-video-preview:-1\" \/>\n<link rel=\"canonical\" href=\"https:\/\/www.irishfamine.ie\/ga\/3131\/\" \/>\n<meta property=\"og:locale\" content=\"ga_IE\" \/>\n<meta property=\"og:type\" content=\"article\" \/>\n<meta property=\"og:title\" content=\"Cuimhneach\u00e1n Idirn\u00e1isi\u00fanta 2018 - Com\u00f3radh N\u00e1isi\u00fanta an Ghorta Mh\u00f3ir\" \/>\n<meta property=\"og:description\" content=\"D\u00e9anann an tAire St\u00e1it O\u2019Donovan ionada\u00edocht don Rialtas ag Cuimhneach\u00e1n Idirn\u00e1isi\u00fanta an Ghorta Mh\u00f3ir 2018, Williamstown, Melbourne Beidh Cuimhneach\u00e1n Idirn\u00e1isi\u00fanta an Ghorta 2018 ar si\u00fal ag Carraig an Ghorta Mh\u00f3ir in Williamstown, Melbourne D\u00e9 Domhnaigh, an 28 October.\u00a0 Thaistil breis agus 4,000 bean agus cail\u00edn \u00f3g \u00c9ireannach \u00f3 thithe na mbocht in \u00c9irinn idir 1848...\" \/>\n<meta property=\"og:url\" content=\"https:\/\/www.irishfamine.ie\/ga\/3131\/\" \/>\n<meta property=\"og:site_name\" content=\"Com\u00f3radh N\u00e1isi\u00fanta an Ghorta Mh\u00f3ir\" \/>\n<meta property=\"article:publisher\" content=\"https:\/\/www.facebook.com\/DepartmentofCultureIRL\/\" \/>\n<meta property=\"article:published_time\" content=\"2023-02-28T16:28:21+00:00\" \/>\n<meta property=\"article:modified_time\" content=\"2024-05-14T15:11:19+00:00\" \/>\n<meta property=\"og:image\" content=\"https:\/\/www.irishfamine.ie\/wp-content\/uploads\/2018\/11\/image1-225x300.jpg\" \/>\n<meta name=\"author\" content=\"Muirne Lyons\" \/>\n<meta name=\"twitter:card\" content=\"summary_large_image\" \/>\n<meta name=\"twitter:creator\" content=\"@DeptCultureIRL\" \/>\n<meta name=\"twitter:site\" content=\"@DeptCultureIRL\" \/>\n<meta name=\"twitter:label1\" content=\"Written by\" \/>\n\t<meta name=\"twitter:data1\" content=\"Muirne Lyons\" \/>\n\t<meta name=\"twitter:label2\" content=\"Est. reading time\" \/>\n\t<meta name=\"twitter:data2\" content=\"2 minutes\" \/>\n<script type=\"application\/ld+json\" class=\"yoast-schema-graph\">{\"@context\":\"https:\/\/schema.org\",\"@graph\":[{\"@type\":\"Article\",\"@id\":\"https:\/\/www.irishfamine.ie\/ga\/3131\/#article\",\"isPartOf\":{\"@id\":\"https:\/\/www.irishfamine.ie\/ga\/3131\/\"},\"author\":{\"name\":\"Muirne Lyons\",\"@id\":\"https:\/\/www.irishfamine.ie\/ga\/#\/schema\/person\/371cdee80d29c1dde6797dcfc93a10da\"},\"headline\":\"Cuimhneach\u00e1n Idirn\u00e1isi\u00fanta 2018\",\"datePublished\":\"2023-02-28T16:28:21+00:00\",\"dateModified\":\"2024-05-14T15:11:19+00:00\",\"mainEntityOfPage\":{\"@id\":\"https:\/\/www.irishfamine.ie\/ga\/3131\/\"},\"wordCount\":355,\"publisher\":{\"@id\":\"https:\/\/www.irishfamine.ie\/ga\/#organization\"},\"image\":{\"@id\":\"https:\/\/www.irishfamine.ie\/ga\/3131\/#primaryimage\"},\"thumbnailUrl\":\"https:\/\/www.irishfamine.ie\/wp-content\/uploads\/2018\/11\/image1-225x300.jpg\",\"articleSection\":[\"Com\u00f3radh N\u00e1isi\u00fanta an Ghorta Mh\u00f3ir\"],\"inLanguage\":\"ga-IE\"},{\"@type\":\"WebPage\",\"@id\":\"https:\/\/www.irishfamine.ie\/ga\/3131\/\",\"url\":\"https:\/\/www.irishfamine.ie\/ga\/3131\/\",\"name\":\"Cuimhneach\u00e1n Idirn\u00e1isi\u00fanta 2018 - Com\u00f3radh N\u00e1isi\u00fanta an Ghorta Mh\u00f3ir\",\"isPartOf\":{\"@id\":\"https:\/\/www.irishfamine.ie\/ga\/#website\"},\"primaryImageOfPage\":{\"@id\":\"https:\/\/www.irishfamine.ie\/ga\/3131\/#primaryimage\"},\"image\":{\"@id\":\"https:\/\/www.irishfamine.ie\/ga\/3131\/#primaryimage\"},\"thumbnailUrl\":\"https:\/\/www.irishfamine.ie\/wp-content\/uploads\/2018\/11\/image1-225x300.jpg\",\"datePublished\":\"2023-02-28T16:28:21+00:00\",\"dateModified\":\"2024-05-14T15:11:19+00:00\",\"breadcrumb\":{\"@id\":\"https:\/\/www.irishfamine.ie\/ga\/3131\/#breadcrumb\"},\"inLanguage\":\"ga-IE\",\"potentialAction\":[{\"@type\":\"ReadAction\",\"target\":[\"https:\/\/www.irishfamine.ie\/ga\/3131\/\"]}]},{\"@type\":\"ImageObject\",\"inLanguage\":\"ga-IE\",\"@id\":\"https:\/\/www.irishfamine.ie\/ga\/3131\/#primaryimage\",\"url\":\"https:\/\/www.irishfamine.ie\/wp-content\/uploads\/2018\/11\/image1-225x300.jpg\",\"contentUrl\":\"https:\/\/www.irishfamine.ie\/wp-content\/uploads\/2018\/11\/image1-225x300.jpg\"},{\"@type\":\"BreadcrumbList\",\"@id\":\"https:\/\/www.irishfamine.ie\/ga\/3131\/#breadcrumb\",\"itemListElement\":[{\"@type\":\"ListItem\",\"position\":1,\"name\":\"Home\",\"item\":\"https:\/\/www.irishfamine.ie\/ga\/\"},{\"@type\":\"ListItem\",\"position\":2,\"name\":\"Cuimhneach\u00e1n Idirn\u00e1isi\u00fanta 2018\"}]},{\"@type\":\"WebSite\",\"@id\":\"https:\/\/www.irishfamine.ie\/ga\/#website\",\"url\":\"https:\/\/www.irishfamine.ie\/ga\/\",\"name\":\"National Famine Commemoration\",\"description\":\"\",\"publisher\":{\"@id\":\"https:\/\/www.irishfamine.ie\/ga\/#organization\"},\"potentialAction\":[{\"@type\":\"SearchAction\",\"target\":{\"@type\":\"EntryPoint\",\"urlTemplate\":\"https:\/\/www.irishfamine.ie\/ga\/?s={search_term_string}\"},\"query-input\":{\"@type\":\"PropertyValueSpecification\",\"valueRequired\":true,\"valueName\":\"search_term_string\"}}],\"inLanguage\":\"ga-IE\"},{\"@type\":\"Organization\",\"@id\":\"https:\/\/www.irishfamine.ie\/ga\/#organization\",\"name\":\"Department of Tourism, Culture, Arts, Gaeltacht, Sport & Media\",\"url\":\"https:\/\/www.irishfamine.ie\/ga\/\",\"logo\":{\"@type\":\"ImageObject\",\"inLanguage\":\"ga-IE\",\"@id\":\"https:\/\/www.irishfamine.ie\/ga\/#\/schema\/logo\/image\/\",\"url\":\"https:\/\/www.irishfamine.ie\/app\/uploads\/2021\/05\/dep-of-Tourism-Culture-Arts-Gaeltacht-sport-and-media-_logo.png\",\"contentUrl\":\"https:\/\/www.irishfamine.ie\/app\/uploads\/2021\/05\/dep-of-Tourism-Culture-Arts-Gaeltacht-sport-and-media-_logo.png\",\"width\":300,\"height\":148,\"caption\":\"Department of Tourism, Culture, Arts, Gaeltacht, Sport & Media\"},\"image\":{\"@id\":\"https:\/\/www.irishfamine.ie\/ga\/#\/schema\/logo\/image\/\"},\"sameAs\":[\"https:\/\/www.facebook.com\/DepartmentofCultureIRL\/\",\"https:\/\/x.com\/DeptCultureIRL\"]},{\"@type\":\"Person\",\"@id\":\"https:\/\/www.irishfamine.ie\/ga\/#\/schema\/person\/371cdee80d29c1dde6797dcfc93a10da\",\"name\":\"Muirne Lyons\",\"image\":{\"@type\":\"ImageObject\",\"inLanguage\":\"ga-IE\",\"@id\":\"https:\/\/secure.gravatar.com\/avatar\/b5a5fc664c855d44af9e295b6a3e8538d080c374d2d427e0028934fb7b404650?s=96&d=mm&r=g\",\"url\":\"https:\/\/secure.gravatar.com\/avatar\/b5a5fc664c855d44af9e295b6a3e8538d080c374d2d427e0028934fb7b404650?s=96&d=mm&r=g\",\"contentUrl\":\"https:\/\/secure.gravatar.com\/avatar\/b5a5fc664c855d44af9e295b6a3e8538d080c374d2d427e0028934fb7b404650?s=96&d=mm&r=g\",\"caption\":\"Muirne Lyons\"},\"url\":\"https:\/\/www.irishfamine.ie\/ga\/author\/muirne-lyons\/\"}]}<\/script>\n<!-- \/ Yoast SEO plugin. -->","yoast_head_json":{"title":"Cuimhneach\u00e1n Idirn\u00e1isi\u00fanta 2018 - Com\u00f3radh N\u00e1isi\u00fanta an Ghorta Mh\u00f3ir","robots":{"index":"index","follow":"follow","max-snippet":"max-snippet:-1","max-image-preview":"max-image-preview:large","max-video-preview":"max-video-preview:-1"},"canonical":"https:\/\/www.irishfamine.ie\/ga\/3131\/","og_locale":"ga_IE","og_type":"article","og_title":"Cuimhneach\u00e1n Idirn\u00e1isi\u00fanta 2018 - Com\u00f3radh N\u00e1isi\u00fanta an Ghorta Mh\u00f3ir","og_description":"D\u00e9anann an tAire St\u00e1it O\u2019Donovan ionada\u00edocht don Rialtas ag Cuimhneach\u00e1n Idirn\u00e1isi\u00fanta an Ghorta Mh\u00f3ir 2018, Williamstown, Melbourne Beidh Cuimhneach\u00e1n Idirn\u00e1isi\u00fanta an Ghorta 2018 ar si\u00fal ag Carraig an Ghorta Mh\u00f3ir in Williamstown, Melbourne D\u00e9 Domhnaigh, an 28 October.\u00a0 Thaistil breis agus 4,000 bean agus cail\u00edn \u00f3g \u00c9ireannach \u00f3 thithe na mbocht in \u00c9irinn idir 1848...","og_url":"https:\/\/www.irishfamine.ie\/ga\/3131\/","og_site_name":"Com\u00f3radh N\u00e1isi\u00fanta an Ghorta Mh\u00f3ir","article_publisher":"https:\/\/www.facebook.com\/DepartmentofCultureIRL\/","article_published_time":"2023-02-28T16:28:21+00:00","article_modified_time":"2024-05-14T15:11:19+00:00","og_image":[{"url":"https:\/\/www.irishfamine.ie\/wp-content\/uploads\/2018\/11\/image1-225x300.jpg","type":"","width":"","height":""}],"author":"Muirne Lyons","twitter_card":"summary_large_image","twitter_creator":"@DeptCultureIRL","twitter_site":"@DeptCultureIRL","twitter_misc":{"Written by":"Muirne Lyons","Est. reading time":"2 minutes"},"schema":{"@context":"https:\/\/schema.org","@graph":[{"@type":"Article","@id":"https:\/\/www.irishfamine.ie\/ga\/3131\/#article","isPartOf":{"@id":"https:\/\/www.irishfamine.ie\/ga\/3131\/"},"author":{"name":"Muirne Lyons","@id":"https:\/\/www.irishfamine.ie\/ga\/#\/schema\/person\/371cdee80d29c1dde6797dcfc93a10da"},"headline":"Cuimhneach\u00e1n Idirn\u00e1isi\u00fanta 2018","datePublished":"2023-02-28T16:28:21+00:00","dateModified":"2024-05-14T15:11:19+00:00","mainEntityOfPage":{"@id":"https:\/\/www.irishfamine.ie\/ga\/3131\/"},"wordCount":355,"publisher":{"@id":"https:\/\/www.irishfamine.ie\/ga\/#organization"},"image":{"@id":"https:\/\/www.irishfamine.ie\/ga\/3131\/#primaryimage"},"thumbnailUrl":"https:\/\/www.irishfamine.ie\/wp-content\/uploads\/2018\/11\/image1-225x300.jpg","articleSection":["Com\u00f3radh N\u00e1isi\u00fanta an Ghorta Mh\u00f3ir"],"inLanguage":"ga-IE"},{"@type":"WebPage","@id":"https:\/\/www.irishfamine.ie\/ga\/3131\/","url":"https:\/\/www.irishfamine.ie\/ga\/3131\/","name":"Cuimhneach\u00e1n Idirn\u00e1isi\u00fanta 2018 - Com\u00f3radh N\u00e1isi\u00fanta an Ghorta Mh\u00f3ir","isPartOf":{"@id":"https:\/\/www.irishfamine.ie\/ga\/#website"},"primaryImageOfPage":{"@id":"https:\/\/www.irishfamine.ie\/ga\/3131\/#primaryimage"},"image":{"@id":"https:\/\/www.irishfamine.ie\/ga\/3131\/#primaryimage"},"thumbnailUrl":"https:\/\/www.irishfamine.ie\/wp-content\/uploads\/2018\/11\/image1-225x300.jpg","datePublished":"2023-02-28T16:28:21+00:00","dateModified":"2024-05-14T15:11:19+00:00","breadcrumb":{"@id":"https:\/\/www.irishfamine.ie\/ga\/3131\/#breadcrumb"},"inLanguage":"ga-IE","potentialAction":[{"@type":"ReadAction","target":["https:\/\/www.irishfamine.ie\/ga\/3131\/"]}]},{"@type":"ImageObject","inLanguage":"ga-IE","@id":"https:\/\/www.irishfamine.ie\/ga\/3131\/#primaryimage","url":"https:\/\/www.irishfamine.ie\/wp-content\/uploads\/2018\/11\/image1-225x300.jpg","contentUrl":"https:\/\/www.irishfamine.ie\/wp-content\/uploads\/2018\/11\/image1-225x300.jpg"},{"@type":"BreadcrumbList","@id":"https:\/\/www.irishfamine.ie\/ga\/3131\/#breadcrumb","itemListElement":[{"@type":"ListItem","position":1,"name":"Home","item":"https:\/\/www.irishfamine.ie\/ga\/"},{"@type":"ListItem","position":2,"name":"Cuimhneach\u00e1n Idirn\u00e1isi\u00fanta 2018"}]},{"@type":"WebSite","@id":"https:\/\/www.irishfamine.ie\/ga\/#website","url":"https:\/\/www.irishfamine.ie\/ga\/","name":"National Famine Commemoration","description":"","publisher":{"@id":"https:\/\/www.irishfamine.ie\/ga\/#organization"},"potentialAction":[{"@type":"SearchAction","target":{"@type":"EntryPoint","urlTemplate":"https:\/\/www.irishfamine.ie\/ga\/?s={search_term_string}"},"query-input":{"@type":"PropertyValueSpecification","valueRequired":true,"valueName":"search_term_string"}}],"inLanguage":"ga-IE"},{"@type":"Organization","@id":"https:\/\/www.irishfamine.ie\/ga\/#organization","name":"Department of Tourism, Culture, Arts, Gaeltacht, Sport & Media","url":"https:\/\/www.irishfamine.ie\/ga\/","logo":{"@type":"ImageObject","inLanguage":"ga-IE","@id":"https:\/\/www.irishfamine.ie\/ga\/#\/schema\/logo\/image\/","url":"https:\/\/www.irishfamine.ie\/app\/uploads\/2021\/05\/dep-of-Tourism-Culture-Arts-Gaeltacht-sport-and-media-_logo.png","contentUrl":"https:\/\/www.irishfamine.ie\/app\/uploads\/2021\/05\/dep-of-Tourism-Culture-Arts-Gaeltacht-sport-and-media-_logo.png","width":300,"height":148,"caption":"Department of Tourism, Culture, Arts, Gaeltacht, Sport & Media"},"image":{"@id":"https:\/\/www.irishfamine.ie\/ga\/#\/schema\/logo\/image\/"},"sameAs":["https:\/\/www.facebook.com\/DepartmentofCultureIRL\/","https:\/\/x.com\/DeptCultureIRL"]},{"@type":"Person","@id":"https:\/\/www.irishfamine.ie\/ga\/#\/schema\/person\/371cdee80d29c1dde6797dcfc93a10da","name":"Muirne Lyons","image":{"@type":"ImageObject","inLanguage":"ga-IE","@id":"https:\/\/secure.gravatar.com\/avatar\/b5a5fc664c855d44af9e295b6a3e8538d080c374d2d427e0028934fb7b404650?s=96&d=mm&r=g","url":"https:\/\/secure.gravatar.com\/avatar\/b5a5fc664c855d44af9e295b6a3e8538d080c374d2d427e0028934fb7b404650?s=96&d=mm&r=g","contentUrl":"https:\/\/secure.gravatar.com\/avatar\/b5a5fc664c855d44af9e295b6a3e8538d080c374d2d427e0028934fb7b404650?s=96&d=mm&r=g","caption":"Muirne Lyons"},"url":"https:\/\/www.irishfamine.ie\/ga\/author\/muirne-lyons\/"}]}},"_links":{"self":[{"href":"https:\/\/www.irishfamine.ie\/ga\/wp-json\/wp\/v2\/posts\/3131","targetHints":{"allow":["GET"]}}],"collection":[{"href":"https:\/\/www.irishfamine.ie\/ga\/wp-json\/wp\/v2\/posts"}],"about":[{"href":"https:\/\/www.irishfamine.ie\/ga\/wp-json\/wp\/v2\/types\/post"}],"author":[{"embeddable":true,"href":"https:\/\/www.irishfamine.ie\/ga\/wp-json\/wp\/v2\/users\/13"}],"replies":[{"embeddable":true,"href":"https:\/\/www.irishfamine.ie\/ga\/wp-json\/wp\/v2\/comments?post=3131"}],"version-history":[{"count":4,"href":"https:\/\/www.irishfamine.ie\/ga\/wp-json\/wp\/v2\/posts\/3131\/revisions"}],"predecessor-version":[{"id":3135,"href":"https:\/\/www.irishfamine.ie\/ga\/wp-json\/wp\/v2\/posts\/3131\/revisions\/3135"}],"wp:attachment":[{"href":"https:\/\/www.irishfamine.ie\/ga\/wp-json\/wp\/v2\/media?parent=3131"}],"wp:term":[{"taxonomy":"category","embeddable":true,"href":"https:\/\/www.irishfamine.ie\/ga\/wp-json\/wp\/v2\/categories?post=3131"},{"taxonomy":"post_tag","embeddable":true,"href":"https:\/\/www.irishfamine.ie\/ga\/wp-json\/wp\/v2\/tags?post=3131"}],"curies":[{"name":"wp","href":"https:\/\/api.w.org\/{rel}","templated":true}]}}