{"id":3143,"date":"2023-02-26T16:37:18","date_gmt":"2023-02-26T16:37:18","guid":{"rendered":"https:\/\/www.irishfamine.ie\/?p=3143"},"modified":"2024-05-14T16:11:39","modified_gmt":"2024-05-14T15:11:39","slug":"cuimhneachan-idirnaisiunta-2017","status":"publish","type":"post","link":"https:\/\/www.irishfamine.ie\/ga\/cuimhneachan-idirnaisiunta-2017\/","title":{"rendered":"Cuimhneach\u00e1n Idirn\u00e1isi\u00fanta 2017"},"content":{"rendered":"<h2>An tAire St\u00e1it O&#8217;Donovan ag d\u00e9anamh ionada\u00edocht don Rialtas ag Cuimhneach\u00e1n Idirn\u00e1isi\u00fanta an Ghorta Mh\u00f3ir 2017, Ireland Park, Toronto<\/h2>\n<div id=\"attachment_4443\" class=\"wp-caption alignright\"><a href=\"http:\/\/www.irishfamine.ie\/wp-content\/uploads\/2017\/11\/Irish-Famine-Wreath-T-Sandler-0179.jpg\"><img loading=\"lazy\" decoding=\"async\" class=\"wp-image-4443 size-full\" src=\"http:\/\/www.irishfamine.ie\/wp-content\/uploads\/2017\/11\/Irish-Famine-Wreath-T-Sandler-0179.jpg\" alt=\"\" width=\"426\" height=\"640\" aria-describedby=\"caption-attachment-4443\" \/><\/a>&nbsp;<\/p>\n<p id=\"caption-attachment-4443\" class=\"wp-caption-text\">\n<\/div>\n<p>Bh\u00ed Cuimhneach\u00e1n Idirn\u00e1isi\u00fanta an Ghorta Mh\u00f3ir do 2017 ar si\u00fal in Ireland Park Toronto D\u00e9 M\u00e1irt, an 24 Deireadh F\u00f3mhair. Ba \u00e9 an imeacht in Ireland Park, \u00e1it a ndearnadh deich mbliana ar oscailt a cheili\u00faradh n\u00edos luaithe i mbliana, an ch\u00e9ad imeacht com\u00f3rtha thar lear eagraithe ag Coiste Cuimhneach\u00e1in N\u00e1isi\u00fanta an Ghorta Mh\u00f3ir in on\u00f3ir agus i gcuimhne orthu si\u00fad a chuaigh ar imirce agus a thug faoin bhfarraige le linn an Ghorta Mh\u00f3ir.<\/p>\n<p>D\u00fairt an tAire St\u00e1it Patrick O\u2019Donovan T.D., a rinne ionada\u00edocht don Rialtas thar ceann Chathaoirleach Choiste Cuimhneach\u00e1in N\u00e1isi\u00fanta an Ghorta Mh\u00f3ir, an tAire Cult\u00fair, Oidhreachta agus Gaeltachta, Heather Humphreys T.D.:<\/p>\n<p><em>\u201cT\u00e1 s\u00e9 thar a bheith cu\u00ed go bhfuil muid ag filleadh ar Ireland Park in Toronto 170 bliain i ndiaidh na bliana is measa den Ghorta, 47 an Bhr\u00f3in, leis na daoine go l\u00e9ir a d\u2019fhulaing agus a d\u2019\u00e9ag le linn na tr\u00e9imhse uafasa\u00ed sin a thabhairt chun cuimhne, go h\u00e1irithe iad si\u00fad go l\u00e9ir, os cionn 110,000 duine, a thug faoin turas cont\u00fairteach go Ceanada as \u00c9irinn an bhliain sin.\u201d<\/em><\/p>\n<p><em>\u201cN\u00ed ligfidh muintir na h\u00c9ireann an tr\u00e1th millteanach sin d\u00e1r stair i ndearmad go deo, agus n\u00ed dh\u00e9anfaidh muid dearmad ach oiread den fh\u00e1ilte fhlaithi\u00fail a chuir muintir na cathrach agus na t\u00edre seo romhainn, go h\u00e1irithe an cairdeas agus an c\u00fanamh a thug muintir Toronto do na sluaite dobr\u00f3nacha dubhacha a th\u00e1inig chun na t\u00edre.\u201d<\/em><\/p>\n<p>Is \u00e9 seo an tr\u00ed\u00fa Com\u00f3radh Idirn\u00e1isi\u00fanta ar an nGorta M\u00f3r i gCeanada. Rinne Cathair Toronto an ch\u00e9ad chuimhneach\u00e1n a \u00f3st\u00e1il in 2009 agus rinne St, John New Brunswick an cuimhneach\u00e1n i 2015.. \u00d3<\/p>\n","protected":false},"excerpt":{"rendered":"<p>An tAire St\u00e1it O&#8217;Donovan ag d\u00e9anamh ionada\u00edocht don Rialtas ag Cuimhneach\u00e1n Idirn\u00e1isi\u00fanta an Ghorta Mh\u00f3ir 2017, Ireland Park, Toronto &nbsp; Bh\u00ed Cuimhneach\u00e1n Idirn\u00e1isi\u00fanta an Ghorta Mh\u00f3ir do 2017 ar si\u00fal in Ireland Park Toronto D\u00e9 M\u00e1irt, an 24 Deireadh F\u00f3mhair. Ba \u00e9 an imeacht in Ireland Park, \u00e1it a ndearnadh deich mbliana ar oscailt a&#8230; <\/p>\n","protected":false},"author":13,"featured_media":0,"comment_status":"closed","ping_status":"open","sticky":false,"template":"","format":"standard","meta":{"footnotes":""},"categories":[16],"tags":[],"class_list":["post-3143","post","type-post","status-publish","format-standard","hentry","category-comoradh-naisiunta-an-ghorta-mhoir"],"yoast_head":"<!-- This site is optimized with the Yoast SEO plugin v27.2 - https:\/\/yoast.com\/product\/yoast-seo-wordpress\/ -->\n<title>Cuimhneach\u00e1n Idirn\u00e1isi\u00fanta 2017 - Com\u00f3radh N\u00e1isi\u00fanta an Ghorta Mh\u00f3ir<\/title>\n<meta name=\"robots\" content=\"index, follow, max-snippet:-1, max-image-preview:large, max-video-preview:-1\" \/>\n<link rel=\"canonical\" href=\"https:\/\/www.irishfamine.ie\/ga\/cuimhneachan-idirnaisiunta-2017\/\" \/>\n<meta property=\"og:locale\" content=\"ga_IE\" \/>\n<meta property=\"og:type\" content=\"article\" \/>\n<meta property=\"og:title\" content=\"Cuimhneach\u00e1n Idirn\u00e1isi\u00fanta 2017 - Com\u00f3radh N\u00e1isi\u00fanta an Ghorta Mh\u00f3ir\" \/>\n<meta property=\"og:description\" content=\"An tAire St\u00e1it O&#8217;Donovan ag d\u00e9anamh ionada\u00edocht don Rialtas ag Cuimhneach\u00e1n Idirn\u00e1isi\u00fanta an Ghorta Mh\u00f3ir 2017, Ireland Park, Toronto &nbsp; Bh\u00ed Cuimhneach\u00e1n Idirn\u00e1isi\u00fanta an Ghorta Mh\u00f3ir do 2017 ar si\u00fal in Ireland Park Toronto D\u00e9 M\u00e1irt, an 24 Deireadh F\u00f3mhair. Ba \u00e9 an imeacht in Ireland Park, \u00e1it a ndearnadh deich mbliana ar oscailt a...\" \/>\n<meta property=\"og:url\" content=\"https:\/\/www.irishfamine.ie\/ga\/cuimhneachan-idirnaisiunta-2017\/\" \/>\n<meta property=\"og:site_name\" content=\"Com\u00f3radh N\u00e1isi\u00fanta an Ghorta Mh\u00f3ir\" \/>\n<meta property=\"article:publisher\" content=\"https:\/\/www.facebook.com\/DepartmentofCultureIRL\/\" \/>\n<meta property=\"article:published_time\" content=\"2023-02-26T16:37:18+00:00\" \/>\n<meta property=\"article:modified_time\" content=\"2024-05-14T15:11:39+00:00\" \/>\n<meta property=\"og:image\" content=\"http:\/\/www.irishfamine.ie\/wp-content\/uploads\/2017\/11\/Irish-Famine-Wreath-T-Sandler-0179.jpg\" \/>\n<meta name=\"author\" content=\"Muirne Lyons\" \/>\n<meta name=\"twitter:card\" content=\"summary_large_image\" \/>\n<meta name=\"twitter:creator\" content=\"@DeptCultureIRL\" \/>\n<meta name=\"twitter:site\" content=\"@DeptCultureIRL\" \/>\n<meta name=\"twitter:label1\" content=\"Written by\" \/>\n\t<meta name=\"twitter:data1\" content=\"Muirne Lyons\" \/>\n\t<meta name=\"twitter:label2\" content=\"Est. reading time\" \/>\n\t<meta name=\"twitter:data2\" content=\"2 minutes\" \/>\n<script type=\"application\/ld+json\" class=\"yoast-schema-graph\">{\"@context\":\"https:\/\/schema.org\",\"@graph\":[{\"@type\":\"Article\",\"@id\":\"https:\/\/www.irishfamine.ie\/ga\/cuimhneachan-idirnaisiunta-2017\/#article\",\"isPartOf\":{\"@id\":\"https:\/\/www.irishfamine.ie\/ga\/cuimhneachan-idirnaisiunta-2017\/\"},\"author\":{\"name\":\"Muirne Lyons\",\"@id\":\"https:\/\/www.irishfamine.ie\/ga\/#\/schema\/person\/371cdee80d29c1dde6797dcfc93a10da\"},\"headline\":\"Cuimhneach\u00e1n Idirn\u00e1isi\u00fanta 2017\",\"datePublished\":\"2023-02-26T16:37:18+00:00\",\"dateModified\":\"2024-05-14T15:11:39+00:00\",\"mainEntityOfPage\":{\"@id\":\"https:\/\/www.irishfamine.ie\/ga\/cuimhneachan-idirnaisiunta-2017\/\"},\"wordCount\":346,\"publisher\":{\"@id\":\"https:\/\/www.irishfamine.ie\/ga\/#organization\"},\"image\":{\"@id\":\"https:\/\/www.irishfamine.ie\/ga\/cuimhneachan-idirnaisiunta-2017\/#primaryimage\"},\"thumbnailUrl\":\"http:\/\/www.irishfamine.ie\/wp-content\/uploads\/2017\/11\/Irish-Famine-Wreath-T-Sandler-0179.jpg\",\"articleSection\":[\"Com\u00f3radh N\u00e1isi\u00fanta an Ghorta Mh\u00f3ir\"],\"inLanguage\":\"ga-IE\"},{\"@type\":\"WebPage\",\"@id\":\"https:\/\/www.irishfamine.ie\/ga\/cuimhneachan-idirnaisiunta-2017\/\",\"url\":\"https:\/\/www.irishfamine.ie\/ga\/cuimhneachan-idirnaisiunta-2017\/\",\"name\":\"Cuimhneach\u00e1n Idirn\u00e1isi\u00fanta 2017 - Com\u00f3radh N\u00e1isi\u00fanta an Ghorta Mh\u00f3ir\",\"isPartOf\":{\"@id\":\"https:\/\/www.irishfamine.ie\/ga\/#website\"},\"primaryImageOfPage\":{\"@id\":\"https:\/\/www.irishfamine.ie\/ga\/cuimhneachan-idirnaisiunta-2017\/#primaryimage\"},\"image\":{\"@id\":\"https:\/\/www.irishfamine.ie\/ga\/cuimhneachan-idirnaisiunta-2017\/#primaryimage\"},\"thumbnailUrl\":\"http:\/\/www.irishfamine.ie\/wp-content\/uploads\/2017\/11\/Irish-Famine-Wreath-T-Sandler-0179.jpg\",\"datePublished\":\"2023-02-26T16:37:18+00:00\",\"dateModified\":\"2024-05-14T15:11:39+00:00\",\"breadcrumb\":{\"@id\":\"https:\/\/www.irishfamine.ie\/ga\/cuimhneachan-idirnaisiunta-2017\/#breadcrumb\"},\"inLanguage\":\"ga-IE\",\"potentialAction\":[{\"@type\":\"ReadAction\",\"target\":[\"https:\/\/www.irishfamine.ie\/ga\/cuimhneachan-idirnaisiunta-2017\/\"]}]},{\"@type\":\"ImageObject\",\"inLanguage\":\"ga-IE\",\"@id\":\"https:\/\/www.irishfamine.ie\/ga\/cuimhneachan-idirnaisiunta-2017\/#primaryimage\",\"url\":\"http:\/\/www.irishfamine.ie\/wp-content\/uploads\/2017\/11\/Irish-Famine-Wreath-T-Sandler-0179.jpg\",\"contentUrl\":\"http:\/\/www.irishfamine.ie\/wp-content\/uploads\/2017\/11\/Irish-Famine-Wreath-T-Sandler-0179.jpg\"},{\"@type\":\"BreadcrumbList\",\"@id\":\"https:\/\/www.irishfamine.ie\/ga\/cuimhneachan-idirnaisiunta-2017\/#breadcrumb\",\"itemListElement\":[{\"@type\":\"ListItem\",\"position\":1,\"name\":\"Home\",\"item\":\"https:\/\/www.irishfamine.ie\/ga\/\"},{\"@type\":\"ListItem\",\"position\":2,\"name\":\"Cuimhneach\u00e1n Idirn\u00e1isi\u00fanta 2017\"}]},{\"@type\":\"WebSite\",\"@id\":\"https:\/\/www.irishfamine.ie\/ga\/#website\",\"url\":\"https:\/\/www.irishfamine.ie\/ga\/\",\"name\":\"National Famine Commemoration\",\"description\":\"\",\"publisher\":{\"@id\":\"https:\/\/www.irishfamine.ie\/ga\/#organization\"},\"potentialAction\":[{\"@type\":\"SearchAction\",\"target\":{\"@type\":\"EntryPoint\",\"urlTemplate\":\"https:\/\/www.irishfamine.ie\/ga\/?s={search_term_string}\"},\"query-input\":{\"@type\":\"PropertyValueSpecification\",\"valueRequired\":true,\"valueName\":\"search_term_string\"}}],\"inLanguage\":\"ga-IE\"},{\"@type\":\"Organization\",\"@id\":\"https:\/\/www.irishfamine.ie\/ga\/#organization\",\"name\":\"Department of Tourism, Culture, Arts, Gaeltacht, Sport & Media\",\"url\":\"https:\/\/www.irishfamine.ie\/ga\/\",\"logo\":{\"@type\":\"ImageObject\",\"inLanguage\":\"ga-IE\",\"@id\":\"https:\/\/www.irishfamine.ie\/ga\/#\/schema\/logo\/image\/\",\"url\":\"https:\/\/www.irishfamine.ie\/app\/uploads\/2021\/05\/dep-of-Tourism-Culture-Arts-Gaeltacht-sport-and-media-_logo.png\",\"contentUrl\":\"https:\/\/www.irishfamine.ie\/app\/uploads\/2021\/05\/dep-of-Tourism-Culture-Arts-Gaeltacht-sport-and-media-_logo.png\",\"width\":300,\"height\":148,\"caption\":\"Department of Tourism, Culture, Arts, Gaeltacht, Sport & Media\"},\"image\":{\"@id\":\"https:\/\/www.irishfamine.ie\/ga\/#\/schema\/logo\/image\/\"},\"sameAs\":[\"https:\/\/www.facebook.com\/DepartmentofCultureIRL\/\",\"https:\/\/x.com\/DeptCultureIRL\"]},{\"@type\":\"Person\",\"@id\":\"https:\/\/www.irishfamine.ie\/ga\/#\/schema\/person\/371cdee80d29c1dde6797dcfc93a10da\",\"name\":\"Muirne Lyons\",\"image\":{\"@type\":\"ImageObject\",\"inLanguage\":\"ga-IE\",\"@id\":\"https:\/\/secure.gravatar.com\/avatar\/b5a5fc664c855d44af9e295b6a3e8538d080c374d2d427e0028934fb7b404650?s=96&d=mm&r=g\",\"url\":\"https:\/\/secure.gravatar.com\/avatar\/b5a5fc664c855d44af9e295b6a3e8538d080c374d2d427e0028934fb7b404650?s=96&d=mm&r=g\",\"contentUrl\":\"https:\/\/secure.gravatar.com\/avatar\/b5a5fc664c855d44af9e295b6a3e8538d080c374d2d427e0028934fb7b404650?s=96&d=mm&r=g\",\"caption\":\"Muirne Lyons\"},\"url\":\"https:\/\/www.irishfamine.ie\/ga\/author\/muirne-lyons\/\"}]}<\/script>\n<!-- \/ Yoast SEO plugin. -->","yoast_head_json":{"title":"Cuimhneach\u00e1n Idirn\u00e1isi\u00fanta 2017 - Com\u00f3radh N\u00e1isi\u00fanta an Ghorta Mh\u00f3ir","robots":{"index":"index","follow":"follow","max-snippet":"max-snippet:-1","max-image-preview":"max-image-preview:large","max-video-preview":"max-video-preview:-1"},"canonical":"https:\/\/www.irishfamine.ie\/ga\/cuimhneachan-idirnaisiunta-2017\/","og_locale":"ga_IE","og_type":"article","og_title":"Cuimhneach\u00e1n Idirn\u00e1isi\u00fanta 2017 - Com\u00f3radh N\u00e1isi\u00fanta an Ghorta Mh\u00f3ir","og_description":"An tAire St\u00e1it O&#8217;Donovan ag d\u00e9anamh ionada\u00edocht don Rialtas ag Cuimhneach\u00e1n Idirn\u00e1isi\u00fanta an Ghorta Mh\u00f3ir 2017, Ireland Park, Toronto &nbsp; Bh\u00ed Cuimhneach\u00e1n Idirn\u00e1isi\u00fanta an Ghorta Mh\u00f3ir do 2017 ar si\u00fal in Ireland Park Toronto D\u00e9 M\u00e1irt, an 24 Deireadh F\u00f3mhair. Ba \u00e9 an imeacht in Ireland Park, \u00e1it a ndearnadh deich mbliana ar oscailt a...","og_url":"https:\/\/www.irishfamine.ie\/ga\/cuimhneachan-idirnaisiunta-2017\/","og_site_name":"Com\u00f3radh N\u00e1isi\u00fanta an Ghorta Mh\u00f3ir","article_publisher":"https:\/\/www.facebook.com\/DepartmentofCultureIRL\/","article_published_time":"2023-02-26T16:37:18+00:00","article_modified_time":"2024-05-14T15:11:39+00:00","og_image":[{"url":"http:\/\/www.irishfamine.ie\/wp-content\/uploads\/2017\/11\/Irish-Famine-Wreath-T-Sandler-0179.jpg","type":"","width":"","height":""}],"author":"Muirne Lyons","twitter_card":"summary_large_image","twitter_creator":"@DeptCultureIRL","twitter_site":"@DeptCultureIRL","twitter_misc":{"Written by":"Muirne Lyons","Est. reading time":"2 minutes"},"schema":{"@context":"https:\/\/schema.org","@graph":[{"@type":"Article","@id":"https:\/\/www.irishfamine.ie\/ga\/cuimhneachan-idirnaisiunta-2017\/#article","isPartOf":{"@id":"https:\/\/www.irishfamine.ie\/ga\/cuimhneachan-idirnaisiunta-2017\/"},"author":{"name":"Muirne Lyons","@id":"https:\/\/www.irishfamine.ie\/ga\/#\/schema\/person\/371cdee80d29c1dde6797dcfc93a10da"},"headline":"Cuimhneach\u00e1n Idirn\u00e1isi\u00fanta 2017","datePublished":"2023-02-26T16:37:18+00:00","dateModified":"2024-05-14T15:11:39+00:00","mainEntityOfPage":{"@id":"https:\/\/www.irishfamine.ie\/ga\/cuimhneachan-idirnaisiunta-2017\/"},"wordCount":346,"publisher":{"@id":"https:\/\/www.irishfamine.ie\/ga\/#organization"},"image":{"@id":"https:\/\/www.irishfamine.ie\/ga\/cuimhneachan-idirnaisiunta-2017\/#primaryimage"},"thumbnailUrl":"http:\/\/www.irishfamine.ie\/wp-content\/uploads\/2017\/11\/Irish-Famine-Wreath-T-Sandler-0179.jpg","articleSection":["Com\u00f3radh N\u00e1isi\u00fanta an Ghorta Mh\u00f3ir"],"inLanguage":"ga-IE"},{"@type":"WebPage","@id":"https:\/\/www.irishfamine.ie\/ga\/cuimhneachan-idirnaisiunta-2017\/","url":"https:\/\/www.irishfamine.ie\/ga\/cuimhneachan-idirnaisiunta-2017\/","name":"Cuimhneach\u00e1n Idirn\u00e1isi\u00fanta 2017 - Com\u00f3radh N\u00e1isi\u00fanta an Ghorta Mh\u00f3ir","isPartOf":{"@id":"https:\/\/www.irishfamine.ie\/ga\/#website"},"primaryImageOfPage":{"@id":"https:\/\/www.irishfamine.ie\/ga\/cuimhneachan-idirnaisiunta-2017\/#primaryimage"},"image":{"@id":"https:\/\/www.irishfamine.ie\/ga\/cuimhneachan-idirnaisiunta-2017\/#primaryimage"},"thumbnailUrl":"http:\/\/www.irishfamine.ie\/wp-content\/uploads\/2017\/11\/Irish-Famine-Wreath-T-Sandler-0179.jpg","datePublished":"2023-02-26T16:37:18+00:00","dateModified":"2024-05-14T15:11:39+00:00","breadcrumb":{"@id":"https:\/\/www.irishfamine.ie\/ga\/cuimhneachan-idirnaisiunta-2017\/#breadcrumb"},"inLanguage":"ga-IE","potentialAction":[{"@type":"ReadAction","target":["https:\/\/www.irishfamine.ie\/ga\/cuimhneachan-idirnaisiunta-2017\/"]}]},{"@type":"ImageObject","inLanguage":"ga-IE","@id":"https:\/\/www.irishfamine.ie\/ga\/cuimhneachan-idirnaisiunta-2017\/#primaryimage","url":"http:\/\/www.irishfamine.ie\/wp-content\/uploads\/2017\/11\/Irish-Famine-Wreath-T-Sandler-0179.jpg","contentUrl":"http:\/\/www.irishfamine.ie\/wp-content\/uploads\/2017\/11\/Irish-Famine-Wreath-T-Sandler-0179.jpg"},{"@type":"BreadcrumbList","@id":"https:\/\/www.irishfamine.ie\/ga\/cuimhneachan-idirnaisiunta-2017\/#breadcrumb","itemListElement":[{"@type":"ListItem","position":1,"name":"Home","item":"https:\/\/www.irishfamine.ie\/ga\/"},{"@type":"ListItem","position":2,"name":"Cuimhneach\u00e1n Idirn\u00e1isi\u00fanta 2017"}]},{"@type":"WebSite","@id":"https:\/\/www.irishfamine.ie\/ga\/#website","url":"https:\/\/www.irishfamine.ie\/ga\/","name":"National Famine Commemoration","description":"","publisher":{"@id":"https:\/\/www.irishfamine.ie\/ga\/#organization"},"potentialAction":[{"@type":"SearchAction","target":{"@type":"EntryPoint","urlTemplate":"https:\/\/www.irishfamine.ie\/ga\/?s={search_term_string}"},"query-input":{"@type":"PropertyValueSpecification","valueRequired":true,"valueName":"search_term_string"}}],"inLanguage":"ga-IE"},{"@type":"Organization","@id":"https:\/\/www.irishfamine.ie\/ga\/#organization","name":"Department of Tourism, Culture, Arts, Gaeltacht, Sport & Media","url":"https:\/\/www.irishfamine.ie\/ga\/","logo":{"@type":"ImageObject","inLanguage":"ga-IE","@id":"https:\/\/www.irishfamine.ie\/ga\/#\/schema\/logo\/image\/","url":"https:\/\/www.irishfamine.ie\/app\/uploads\/2021\/05\/dep-of-Tourism-Culture-Arts-Gaeltacht-sport-and-media-_logo.png","contentUrl":"https:\/\/www.irishfamine.ie\/app\/uploads\/2021\/05\/dep-of-Tourism-Culture-Arts-Gaeltacht-sport-and-media-_logo.png","width":300,"height":148,"caption":"Department of Tourism, Culture, Arts, Gaeltacht, Sport & Media"},"image":{"@id":"https:\/\/www.irishfamine.ie\/ga\/#\/schema\/logo\/image\/"},"sameAs":["https:\/\/www.facebook.com\/DepartmentofCultureIRL\/","https:\/\/x.com\/DeptCultureIRL"]},{"@type":"Person","@id":"https:\/\/www.irishfamine.ie\/ga\/#\/schema\/person\/371cdee80d29c1dde6797dcfc93a10da","name":"Muirne Lyons","image":{"@type":"ImageObject","inLanguage":"ga-IE","@id":"https:\/\/secure.gravatar.com\/avatar\/b5a5fc664c855d44af9e295b6a3e8538d080c374d2d427e0028934fb7b404650?s=96&d=mm&r=g","url":"https:\/\/secure.gravatar.com\/avatar\/b5a5fc664c855d44af9e295b6a3e8538d080c374d2d427e0028934fb7b404650?s=96&d=mm&r=g","contentUrl":"https:\/\/secure.gravatar.com\/avatar\/b5a5fc664c855d44af9e295b6a3e8538d080c374d2d427e0028934fb7b404650?s=96&d=mm&r=g","caption":"Muirne Lyons"},"url":"https:\/\/www.irishfamine.ie\/ga\/author\/muirne-lyons\/"}]}},"_links":{"self":[{"href":"https:\/\/www.irishfamine.ie\/ga\/wp-json\/wp\/v2\/posts\/3143","targetHints":{"allow":["GET"]}}],"collection":[{"href":"https:\/\/www.irishfamine.ie\/ga\/wp-json\/wp\/v2\/posts"}],"about":[{"href":"https:\/\/www.irishfamine.ie\/ga\/wp-json\/wp\/v2\/types\/post"}],"author":[{"embeddable":true,"href":"https:\/\/www.irishfamine.ie\/ga\/wp-json\/wp\/v2\/users\/13"}],"replies":[{"embeddable":true,"href":"https:\/\/www.irishfamine.ie\/ga\/wp-json\/wp\/v2\/comments?post=3143"}],"version-history":[{"count":1,"href":"https:\/\/www.irishfamine.ie\/ga\/wp-json\/wp\/v2\/posts\/3143\/revisions"}],"predecessor-version":[{"id":3144,"href":"https:\/\/www.irishfamine.ie\/ga\/wp-json\/wp\/v2\/posts\/3143\/revisions\/3144"}],"wp:attachment":[{"href":"https:\/\/www.irishfamine.ie\/ga\/wp-json\/wp\/v2\/media?parent=3143"}],"wp:term":[{"taxonomy":"category","embeddable":true,"href":"https:\/\/www.irishfamine.ie\/ga\/wp-json\/wp\/v2\/categories?post=3143"},{"taxonomy":"post_tag","embeddable":true,"href":"https:\/\/www.irishfamine.ie\/ga\/wp-json\/wp\/v2\/tags?post=3143"}],"curies":[{"name":"wp","href":"https:\/\/api.w.org\/{rel}","templated":true}]}}