{"id":3149,"date":"2023-02-24T16:39:55","date_gmt":"2023-02-24T16:39:55","guid":{"rendered":"https:\/\/www.irishfamine.ie\/?p=3149"},"modified":"2024-05-14T16:11:59","modified_gmt":"2024-05-14T15:11:59","slug":"cuimhneachan-naisiunta-an-ghorta-mhoir-2016-2","status":"publish","type":"post","link":"https:\/\/www.irishfamine.ie\/ga\/cuimhneachan-naisiunta-an-ghorta-mhoir-2016-2\/","title":{"rendered":"Cuimhneach\u00e1n N\u00e1isi\u00fanta an Ghorta Mh\u00f3ir 2016"},"content":{"rendered":"<div id=\"maintext\" class=\"right\">\n<div id=\"home-main-text\">\n<h1>Cuimhneach\u00e1n Idirn\u00e1isi\u00fanta an Ghorta Mh\u00f3ir \u00e1 sti\u00faradh ag an Aire Humphreys in Philadelphia<\/h1>\n<p>Ar an 9 Deireadh F\u00f3mhair rinne an tAire Eala\u00edon, Oidhreachta, Gn\u00f3tha\u00ed R\u00e9igi\u00fanacha, Tuaithe agus Gaeltachta, Heather Humphreys TD, Cuimhneach\u00e1n Idirn\u00e1isi\u00fanta an Ghorta Mh\u00f3ir 2016 in Philadelphia a sti\u00faradh. Leis an searmanas, a bh\u00ed \u00e1 \u00f3st\u00e1il ag Leacht Cuimhneach\u00e1in na h\u00c9ireann sa chathair, th\u00e1inig deireadh le cuairt tr\u00ed l\u00e1 an Aire Humphreys ar Philadelphia, \u00e1it ar chas s\u00ed le m\u00f3rphearsana polaiti\u00fala, eagra\u00edochta\u00ed pobail \u00c9ireannacha agus gr\u00fapa\u00ed gn\u00f3 Gael-Mheirice\u00e1nacha.<\/p>\n<p>Ag labhairt di ag an gcuimhneach\u00e1n d\u00fairt an tAire Humphreys:<\/p>\n<p>\u201cTagaimid le ch\u00e9ile inniu chun \u00edospartaigh an Ghorta Mh\u00f3ir a thabhairt i gcuimhne, beag beann ar a gcreideamh, a bpolait\u00edocht n\u00f3 a n\u00e1isi\u00fantacht. Cuimhn\u00edmis ach go h\u00e1irithe orthu si\u00fad a rinne an turas trasna an Atlantaigh go Philadelphia, go minic i nd\u00e1la\u00ed uaf\u00e1sacha.<\/p>\n<p>\u201cT\u00e1 muidne in \u00c9irinn an-bhr\u00f3d\u00fail as \u00e1r ndiasp\u00f3ra agus an m\u00e9id at\u00e1 bainte amach acu i ngach r\u00e9imse den saol agus, le linn d\u00fainn bheith ag cuimhneamh ar \u00edospartaigh an Ghorta Mh\u00f3ir inniu, molaimis freisin an m\u00e9id at\u00e1 curtha acu si\u00fad a mhair leis an saol i gcathracha iontacha ar n\u00f3s Philadelphia. T\u00e1 cion na nGaeil le feice\u00e1il chuile \u00e1it anseo in Philadelphia. \u00d3 James Smith, duine de sh\u00ednitheoir\u00ed Fhor\u00f3gra na Saoirse, go Ceannas\u00f3ir John Barry, bunaitheoir Chabhlach na St\u00e1t Aontaithe, go na m\u00edlte naibh\u00ed a th\u00f3g na b\u00f3ithre agus na hiarnr\u00f3id anseo.<\/p>\n<p>\u201cChuaigh s\u00e9 i gcion orm ag gach imeacht ina raibh m\u00e9 p\u00e1irteach n\u00f3 ar ar fhreastail m\u00e9 le c\u00fapla l\u00e1 anuas, c\u00e9 chomh daingnithe is at\u00e1 oidhreacht agus cuimhne an Ghorta Mh\u00f3ir anseo in Philadelphia. L\u00e9ir\u00edtear le searmanas an lae inniu tuiscint na gl\u00faine reatha ar an fhulaingt a ch\u00faisigh imeachta\u00ed trag\u00f3ideacha an Ghorta Mh\u00f3ir. Ba mhaith liom bu\u00edochas a ghabh\u00e1il le gach duine a raibh baint acu le himeachta\u00ed na seachtaine seo, lenar tugadh aitheantas go tochtmhar do na daoine cr\u00f3ga sin.\u201d<br \/>\n<a href=\"http:\/\/www.irishfamine.ie\/wp-content\/uploads\/2016\/09\/Irish-Famine-Memorial.jpg\"><img loading=\"lazy\" decoding=\"async\" class=\"alignleft size-large wp-image-4398\" src=\"http:\/\/www.irishfamine.ie\/wp-content\/uploads\/2016\/09\/Irish-Famine-Memorial-1024x766.jpg\" alt=\"Irish Famine Memorial\" width=\"1024\" height=\"766\" \/><\/a><\/p>\n<div class=\"row\"><a href=\"http:\/\/www.irishfamine.ie\/wp-content\/uploads\/2016\/09\/Picture-1.jpg\"><img loading=\"lazy\" decoding=\"async\" class=\"alignleft size-medium wp-image-4401\" src=\"http:\/\/www.irishfamine.ie\/wp-content\/uploads\/2016\/09\/Picture-1-300x175.jpg\" alt=\"Minister Humphreys visits the Irish Memorial accompanied by Consul General Barbara Jones\" width=\"300\" height=\"175\" \/><\/a><a href=\"http:\/\/www.irishfamine.ie\/wp-content\/uploads\/2016\/09\/Picture-2.jpg\"><img loading=\"lazy\" decoding=\"async\" class=\"alignleft size-medium wp-image-4402\" src=\"http:\/\/www.irishfamine.ie\/wp-content\/uploads\/2016\/09\/Picture-2-300x225.jpg\" alt=\"Inscription plaque on Irish Memorial, including poem 'Remembrance' by Peter Quinn\" width=\"300\" height=\"225\" \/><\/a><a href=\"http:\/\/www.irishfamine.ie\/wp-content\/uploads\/2016\/09\/Picture-3.jpg\"><img loading=\"lazy\" decoding=\"async\" class=\"alignleft size-medium wp-image-4403\" src=\"http:\/\/www.irishfamine.ie\/wp-content\/uploads\/2016\/09\/Picture-3-300x232.jpg\" alt=\"Minister Humphreys addresses assembled crowds at the Great Hunger Commemoration ceremony\" width=\"300\" height=\"232\" \/><\/a>&nbsp;<\/p>\n<\/div>\n<div class=\"row\"><a href=\"http:\/\/www.irishfamine.ie\/wp-content\/uploads\/2016\/09\/Picture-4.jpg\"><img loading=\"lazy\" decoding=\"async\" class=\"alignleft size-medium wp-image-4404\" src=\"http:\/\/www.irishfamine.ie\/wp-content\/uploads\/2016\/09\/Picture-4-300x216.jpg\" alt=\"Wreath laid by Minister Humphreys at Commemoration ceremony\" width=\"300\" height=\"216\" \/><\/a><a href=\"http:\/\/www.irishfamine.ie\/wp-content\/uploads\/2016\/09\/Picture-5.jpg\"><img loading=\"lazy\" decoding=\"async\" class=\"alignleft size-medium wp-image-4405\" src=\"http:\/\/www.irishfamine.ie\/wp-content\/uploads\/2016\/09\/Picture-5-300x199.jpg\" alt=\"As part of wider programme, Minister Humphreys visits Philadelphia's famous Rosenbach Library and Museum\" width=\"300\" height=\"199\" \/><\/a><a href=\"http:\/\/www.irishfamine.ie\/wp-content\/uploads\/2016\/09\/Picture-6.jpg\"><img loading=\"lazy\" decoding=\"async\" class=\"alignleft size-medium wp-image-4406\" src=\"http:\/\/www.irishfamine.ie\/wp-content\/uploads\/2016\/09\/Picture-6-300x199.jpg\" alt=\"Minister Humphreys visits the Rosenbach collection including original James Joyce and Bram Stoker manuscripts\" width=\"300\" height=\"199\" \/><\/a>&nbsp;<\/p>\n<\/div>\n<div class=\"row\"><a href=\"http:\/\/www.irishfamine.ie\/wp-content\/uploads\/2016\/09\/Picture-7.jpg\"><img loading=\"lazy\" decoding=\"async\" class=\"alignleft size-medium wp-image-4407\" src=\"http:\/\/www.irishfamine.ie\/wp-content\/uploads\/2016\/09\/Picture-7-238x300.jpg\" alt=\"Minister Humphrey's meets with the Irish Immigration Centre\" width=\"238\" height=\"300\" \/><\/a><a href=\"http:\/\/www.irishfamine.ie\/wp-content\/uploads\/2016\/09\/Picture-8.jpg\"><img loading=\"lazy\" decoding=\"async\" class=\"alignleft size-medium wp-image-4408\" src=\"http:\/\/www.irishfamine.ie\/wp-content\/uploads\/2016\/09\/Picture-8-300x225.jpg\" alt=\"Minister Humphreys presents Philadelphia's Mayor, James Kenny with the Atlas of the Great Irish Famine during meeting in City Hall\" width=\"300\" height=\"225\" \/><\/a><a href=\"http:\/\/www.irishfamine.ie\/wp-content\/uploads\/2016\/09\/Picture-9.jpg\"><img loading=\"lazy\" decoding=\"async\" class=\"alignleft size-medium wp-image-4409\" src=\"http:\/\/www.irishfamine.ie\/wp-content\/uploads\/2016\/09\/Picture-9-300x282.jpg\" alt=\"Minister Humphreys pictured with Mayor James Kenny and Lt. Governor Michael Stack\" width=\"300\" height=\"282\" \/><\/a>&nbsp;<\/p>\n<\/div>\n<\/div>\n<\/div>\n","protected":false},"excerpt":{"rendered":"<p>Cuimhneach\u00e1n Idirn\u00e1isi\u00fanta an Ghorta Mh\u00f3ir \u00e1 sti\u00faradh ag an Aire Humphreys in Philadelphia Ar an 9 Deireadh F\u00f3mhair rinne an tAire Eala\u00edon, Oidhreachta, Gn\u00f3tha\u00ed R\u00e9igi\u00fanacha, Tuaithe agus Gaeltachta, Heather Humphreys TD, Cuimhneach\u00e1n Idirn\u00e1isi\u00fanta an Ghorta Mh\u00f3ir 2016 in Philadelphia a sti\u00faradh. Leis an searmanas, a bh\u00ed \u00e1 \u00f3st\u00e1il ag Leacht Cuimhneach\u00e1in na h\u00c9ireann sa chathair,&#8230; <\/p>\n","protected":false},"author":13,"featured_media":0,"comment_status":"closed","ping_status":"open","sticky":false,"template":"","format":"standard","meta":{"footnotes":""},"categories":[16],"tags":[],"class_list":["post-3149","post","type-post","status-publish","format-standard","hentry","category-comoradh-naisiunta-an-ghorta-mhoir"],"yoast_head":"<!-- This site is optimized with the Yoast SEO plugin v27.2 - https:\/\/yoast.com\/product\/yoast-seo-wordpress\/ -->\n<title>Cuimhneach\u00e1n N\u00e1isi\u00fanta an Ghorta Mh\u00f3ir 2016 - Com\u00f3radh N\u00e1isi\u00fanta an Ghorta Mh\u00f3ir<\/title>\n<meta name=\"robots\" content=\"index, follow, max-snippet:-1, max-image-preview:large, max-video-preview:-1\" \/>\n<link rel=\"canonical\" href=\"https:\/\/www.irishfamine.ie\/ga\/cuimhneachan-naisiunta-an-ghorta-mhoir-2016-2\/\" \/>\n<meta property=\"og:locale\" content=\"ga_IE\" \/>\n<meta property=\"og:type\" content=\"article\" \/>\n<meta property=\"og:title\" content=\"Cuimhneach\u00e1n N\u00e1isi\u00fanta an Ghorta Mh\u00f3ir 2016 - Com\u00f3radh N\u00e1isi\u00fanta an Ghorta Mh\u00f3ir\" \/>\n<meta property=\"og:description\" content=\"Cuimhneach\u00e1n Idirn\u00e1isi\u00fanta an Ghorta Mh\u00f3ir \u00e1 sti\u00faradh ag an Aire Humphreys in Philadelphia Ar an 9 Deireadh F\u00f3mhair rinne an tAire Eala\u00edon, Oidhreachta, Gn\u00f3tha\u00ed R\u00e9igi\u00fanacha, Tuaithe agus Gaeltachta, Heather Humphreys TD, Cuimhneach\u00e1n Idirn\u00e1isi\u00fanta an Ghorta Mh\u00f3ir 2016 in Philadelphia a sti\u00faradh. Leis an searmanas, a bh\u00ed \u00e1 \u00f3st\u00e1il ag Leacht Cuimhneach\u00e1in na h\u00c9ireann sa chathair,...\" \/>\n<meta property=\"og:url\" content=\"https:\/\/www.irishfamine.ie\/ga\/cuimhneachan-naisiunta-an-ghorta-mhoir-2016-2\/\" \/>\n<meta property=\"og:site_name\" content=\"Com\u00f3radh N\u00e1isi\u00fanta an Ghorta Mh\u00f3ir\" \/>\n<meta property=\"article:publisher\" content=\"https:\/\/www.facebook.com\/DepartmentofCultureIRL\/\" \/>\n<meta property=\"article:published_time\" content=\"2023-02-24T16:39:55+00:00\" \/>\n<meta property=\"article:modified_time\" content=\"2024-05-14T15:11:59+00:00\" \/>\n<meta property=\"og:image\" content=\"http:\/\/www.irishfamine.ie\/wp-content\/uploads\/2016\/09\/Irish-Famine-Memorial-1024x766.jpg\" \/>\n<meta name=\"author\" content=\"Muirne Lyons\" \/>\n<meta name=\"twitter:card\" content=\"summary_large_image\" \/>\n<meta name=\"twitter:creator\" content=\"@DeptCultureIRL\" \/>\n<meta name=\"twitter:site\" content=\"@DeptCultureIRL\" \/>\n<meta name=\"twitter:label1\" content=\"Written by\" \/>\n\t<meta name=\"twitter:data1\" content=\"Muirne Lyons\" \/>\n\t<meta name=\"twitter:label2\" content=\"Est. reading time\" \/>\n\t<meta name=\"twitter:data2\" content=\"2 minutes\" \/>\n<script type=\"application\/ld+json\" class=\"yoast-schema-graph\">{\"@context\":\"https:\/\/schema.org\",\"@graph\":[{\"@type\":\"Article\",\"@id\":\"https:\/\/www.irishfamine.ie\/ga\/cuimhneachan-naisiunta-an-ghorta-mhoir-2016-2\/#article\",\"isPartOf\":{\"@id\":\"https:\/\/www.irishfamine.ie\/ga\/cuimhneachan-naisiunta-an-ghorta-mhoir-2016-2\/\"},\"author\":{\"name\":\"Muirne Lyons\",\"@id\":\"https:\/\/www.irishfamine.ie\/ga\/#\/schema\/person\/371cdee80d29c1dde6797dcfc93a10da\"},\"headline\":\"Cuimhneach\u00e1n N\u00e1isi\u00fanta an Ghorta Mh\u00f3ir 2016\",\"datePublished\":\"2023-02-24T16:39:55+00:00\",\"dateModified\":\"2024-05-14T15:11:59+00:00\",\"mainEntityOfPage\":{\"@id\":\"https:\/\/www.irishfamine.ie\/ga\/cuimhneachan-naisiunta-an-ghorta-mhoir-2016-2\/\"},\"wordCount\":383,\"publisher\":{\"@id\":\"https:\/\/www.irishfamine.ie\/ga\/#organization\"},\"image\":{\"@id\":\"https:\/\/www.irishfamine.ie\/ga\/cuimhneachan-naisiunta-an-ghorta-mhoir-2016-2\/#primaryimage\"},\"thumbnailUrl\":\"http:\/\/www.irishfamine.ie\/wp-content\/uploads\/2016\/09\/Irish-Famine-Memorial-1024x766.jpg\",\"articleSection\":[\"Com\u00f3radh N\u00e1isi\u00fanta an Ghorta Mh\u00f3ir\"],\"inLanguage\":\"ga-IE\"},{\"@type\":\"WebPage\",\"@id\":\"https:\/\/www.irishfamine.ie\/ga\/cuimhneachan-naisiunta-an-ghorta-mhoir-2016-2\/\",\"url\":\"https:\/\/www.irishfamine.ie\/ga\/cuimhneachan-naisiunta-an-ghorta-mhoir-2016-2\/\",\"name\":\"Cuimhneach\u00e1n N\u00e1isi\u00fanta an Ghorta Mh\u00f3ir 2016 - Com\u00f3radh N\u00e1isi\u00fanta an Ghorta Mh\u00f3ir\",\"isPartOf\":{\"@id\":\"https:\/\/www.irishfamine.ie\/ga\/#website\"},\"primaryImageOfPage\":{\"@id\":\"https:\/\/www.irishfamine.ie\/ga\/cuimhneachan-naisiunta-an-ghorta-mhoir-2016-2\/#primaryimage\"},\"image\":{\"@id\":\"https:\/\/www.irishfamine.ie\/ga\/cuimhneachan-naisiunta-an-ghorta-mhoir-2016-2\/#primaryimage\"},\"thumbnailUrl\":\"http:\/\/www.irishfamine.ie\/wp-content\/uploads\/2016\/09\/Irish-Famine-Memorial-1024x766.jpg\",\"datePublished\":\"2023-02-24T16:39:55+00:00\",\"dateModified\":\"2024-05-14T15:11:59+00:00\",\"breadcrumb\":{\"@id\":\"https:\/\/www.irishfamine.ie\/ga\/cuimhneachan-naisiunta-an-ghorta-mhoir-2016-2\/#breadcrumb\"},\"inLanguage\":\"ga-IE\",\"potentialAction\":[{\"@type\":\"ReadAction\",\"target\":[\"https:\/\/www.irishfamine.ie\/ga\/cuimhneachan-naisiunta-an-ghorta-mhoir-2016-2\/\"]}]},{\"@type\":\"ImageObject\",\"inLanguage\":\"ga-IE\",\"@id\":\"https:\/\/www.irishfamine.ie\/ga\/cuimhneachan-naisiunta-an-ghorta-mhoir-2016-2\/#primaryimage\",\"url\":\"http:\/\/www.irishfamine.ie\/wp-content\/uploads\/2016\/09\/Irish-Famine-Memorial-1024x766.jpg\",\"contentUrl\":\"http:\/\/www.irishfamine.ie\/wp-content\/uploads\/2016\/09\/Irish-Famine-Memorial-1024x766.jpg\"},{\"@type\":\"BreadcrumbList\",\"@id\":\"https:\/\/www.irishfamine.ie\/ga\/cuimhneachan-naisiunta-an-ghorta-mhoir-2016-2\/#breadcrumb\",\"itemListElement\":[{\"@type\":\"ListItem\",\"position\":1,\"name\":\"Home\",\"item\":\"https:\/\/www.irishfamine.ie\/ga\/\"},{\"@type\":\"ListItem\",\"position\":2,\"name\":\"Cuimhneach\u00e1n N\u00e1isi\u00fanta an Ghorta Mh\u00f3ir 2016\"}]},{\"@type\":\"WebSite\",\"@id\":\"https:\/\/www.irishfamine.ie\/ga\/#website\",\"url\":\"https:\/\/www.irishfamine.ie\/ga\/\",\"name\":\"National Famine Commemoration\",\"description\":\"\",\"publisher\":{\"@id\":\"https:\/\/www.irishfamine.ie\/ga\/#organization\"},\"potentialAction\":[{\"@type\":\"SearchAction\",\"target\":{\"@type\":\"EntryPoint\",\"urlTemplate\":\"https:\/\/www.irishfamine.ie\/ga\/?s={search_term_string}\"},\"query-input\":{\"@type\":\"PropertyValueSpecification\",\"valueRequired\":true,\"valueName\":\"search_term_string\"}}],\"inLanguage\":\"ga-IE\"},{\"@type\":\"Organization\",\"@id\":\"https:\/\/www.irishfamine.ie\/ga\/#organization\",\"name\":\"Department of Tourism, Culture, Arts, Gaeltacht, Sport & Media\",\"url\":\"https:\/\/www.irishfamine.ie\/ga\/\",\"logo\":{\"@type\":\"ImageObject\",\"inLanguage\":\"ga-IE\",\"@id\":\"https:\/\/www.irishfamine.ie\/ga\/#\/schema\/logo\/image\/\",\"url\":\"https:\/\/www.irishfamine.ie\/app\/uploads\/2021\/05\/dep-of-Tourism-Culture-Arts-Gaeltacht-sport-and-media-_logo.png\",\"contentUrl\":\"https:\/\/www.irishfamine.ie\/app\/uploads\/2021\/05\/dep-of-Tourism-Culture-Arts-Gaeltacht-sport-and-media-_logo.png\",\"width\":300,\"height\":148,\"caption\":\"Department of Tourism, Culture, Arts, Gaeltacht, Sport & Media\"},\"image\":{\"@id\":\"https:\/\/www.irishfamine.ie\/ga\/#\/schema\/logo\/image\/\"},\"sameAs\":[\"https:\/\/www.facebook.com\/DepartmentofCultureIRL\/\",\"https:\/\/x.com\/DeptCultureIRL\"]},{\"@type\":\"Person\",\"@id\":\"https:\/\/www.irishfamine.ie\/ga\/#\/schema\/person\/371cdee80d29c1dde6797dcfc93a10da\",\"name\":\"Muirne Lyons\",\"image\":{\"@type\":\"ImageObject\",\"inLanguage\":\"ga-IE\",\"@id\":\"https:\/\/secure.gravatar.com\/avatar\/b5a5fc664c855d44af9e295b6a3e8538d080c374d2d427e0028934fb7b404650?s=96&d=mm&r=g\",\"url\":\"https:\/\/secure.gravatar.com\/avatar\/b5a5fc664c855d44af9e295b6a3e8538d080c374d2d427e0028934fb7b404650?s=96&d=mm&r=g\",\"contentUrl\":\"https:\/\/secure.gravatar.com\/avatar\/b5a5fc664c855d44af9e295b6a3e8538d080c374d2d427e0028934fb7b404650?s=96&d=mm&r=g\",\"caption\":\"Muirne Lyons\"},\"url\":\"https:\/\/www.irishfamine.ie\/ga\/author\/muirne-lyons\/\"}]}<\/script>\n<!-- \/ Yoast SEO plugin. -->","yoast_head_json":{"title":"Cuimhneach\u00e1n N\u00e1isi\u00fanta an Ghorta Mh\u00f3ir 2016 - Com\u00f3radh N\u00e1isi\u00fanta an Ghorta Mh\u00f3ir","robots":{"index":"index","follow":"follow","max-snippet":"max-snippet:-1","max-image-preview":"max-image-preview:large","max-video-preview":"max-video-preview:-1"},"canonical":"https:\/\/www.irishfamine.ie\/ga\/cuimhneachan-naisiunta-an-ghorta-mhoir-2016-2\/","og_locale":"ga_IE","og_type":"article","og_title":"Cuimhneach\u00e1n N\u00e1isi\u00fanta an Ghorta Mh\u00f3ir 2016 - Com\u00f3radh N\u00e1isi\u00fanta an Ghorta Mh\u00f3ir","og_description":"Cuimhneach\u00e1n Idirn\u00e1isi\u00fanta an Ghorta Mh\u00f3ir \u00e1 sti\u00faradh ag an Aire Humphreys in Philadelphia Ar an 9 Deireadh F\u00f3mhair rinne an tAire Eala\u00edon, Oidhreachta, Gn\u00f3tha\u00ed R\u00e9igi\u00fanacha, Tuaithe agus Gaeltachta, Heather Humphreys TD, Cuimhneach\u00e1n Idirn\u00e1isi\u00fanta an Ghorta Mh\u00f3ir 2016 in Philadelphia a sti\u00faradh. Leis an searmanas, a bh\u00ed \u00e1 \u00f3st\u00e1il ag Leacht Cuimhneach\u00e1in na h\u00c9ireann sa chathair,...","og_url":"https:\/\/www.irishfamine.ie\/ga\/cuimhneachan-naisiunta-an-ghorta-mhoir-2016-2\/","og_site_name":"Com\u00f3radh N\u00e1isi\u00fanta an Ghorta Mh\u00f3ir","article_publisher":"https:\/\/www.facebook.com\/DepartmentofCultureIRL\/","article_published_time":"2023-02-24T16:39:55+00:00","article_modified_time":"2024-05-14T15:11:59+00:00","og_image":[{"url":"http:\/\/www.irishfamine.ie\/wp-content\/uploads\/2016\/09\/Irish-Famine-Memorial-1024x766.jpg","type":"","width":"","height":""}],"author":"Muirne Lyons","twitter_card":"summary_large_image","twitter_creator":"@DeptCultureIRL","twitter_site":"@DeptCultureIRL","twitter_misc":{"Written by":"Muirne Lyons","Est. reading time":"2 minutes"},"schema":{"@context":"https:\/\/schema.org","@graph":[{"@type":"Article","@id":"https:\/\/www.irishfamine.ie\/ga\/cuimhneachan-naisiunta-an-ghorta-mhoir-2016-2\/#article","isPartOf":{"@id":"https:\/\/www.irishfamine.ie\/ga\/cuimhneachan-naisiunta-an-ghorta-mhoir-2016-2\/"},"author":{"name":"Muirne Lyons","@id":"https:\/\/www.irishfamine.ie\/ga\/#\/schema\/person\/371cdee80d29c1dde6797dcfc93a10da"},"headline":"Cuimhneach\u00e1n N\u00e1isi\u00fanta an Ghorta Mh\u00f3ir 2016","datePublished":"2023-02-24T16:39:55+00:00","dateModified":"2024-05-14T15:11:59+00:00","mainEntityOfPage":{"@id":"https:\/\/www.irishfamine.ie\/ga\/cuimhneachan-naisiunta-an-ghorta-mhoir-2016-2\/"},"wordCount":383,"publisher":{"@id":"https:\/\/www.irishfamine.ie\/ga\/#organization"},"image":{"@id":"https:\/\/www.irishfamine.ie\/ga\/cuimhneachan-naisiunta-an-ghorta-mhoir-2016-2\/#primaryimage"},"thumbnailUrl":"http:\/\/www.irishfamine.ie\/wp-content\/uploads\/2016\/09\/Irish-Famine-Memorial-1024x766.jpg","articleSection":["Com\u00f3radh N\u00e1isi\u00fanta an Ghorta Mh\u00f3ir"],"inLanguage":"ga-IE"},{"@type":"WebPage","@id":"https:\/\/www.irishfamine.ie\/ga\/cuimhneachan-naisiunta-an-ghorta-mhoir-2016-2\/","url":"https:\/\/www.irishfamine.ie\/ga\/cuimhneachan-naisiunta-an-ghorta-mhoir-2016-2\/","name":"Cuimhneach\u00e1n N\u00e1isi\u00fanta an Ghorta Mh\u00f3ir 2016 - Com\u00f3radh N\u00e1isi\u00fanta an Ghorta Mh\u00f3ir","isPartOf":{"@id":"https:\/\/www.irishfamine.ie\/ga\/#website"},"primaryImageOfPage":{"@id":"https:\/\/www.irishfamine.ie\/ga\/cuimhneachan-naisiunta-an-ghorta-mhoir-2016-2\/#primaryimage"},"image":{"@id":"https:\/\/www.irishfamine.ie\/ga\/cuimhneachan-naisiunta-an-ghorta-mhoir-2016-2\/#primaryimage"},"thumbnailUrl":"http:\/\/www.irishfamine.ie\/wp-content\/uploads\/2016\/09\/Irish-Famine-Memorial-1024x766.jpg","datePublished":"2023-02-24T16:39:55+00:00","dateModified":"2024-05-14T15:11:59+00:00","breadcrumb":{"@id":"https:\/\/www.irishfamine.ie\/ga\/cuimhneachan-naisiunta-an-ghorta-mhoir-2016-2\/#breadcrumb"},"inLanguage":"ga-IE","potentialAction":[{"@type":"ReadAction","target":["https:\/\/www.irishfamine.ie\/ga\/cuimhneachan-naisiunta-an-ghorta-mhoir-2016-2\/"]}]},{"@type":"ImageObject","inLanguage":"ga-IE","@id":"https:\/\/www.irishfamine.ie\/ga\/cuimhneachan-naisiunta-an-ghorta-mhoir-2016-2\/#primaryimage","url":"http:\/\/www.irishfamine.ie\/wp-content\/uploads\/2016\/09\/Irish-Famine-Memorial-1024x766.jpg","contentUrl":"http:\/\/www.irishfamine.ie\/wp-content\/uploads\/2016\/09\/Irish-Famine-Memorial-1024x766.jpg"},{"@type":"BreadcrumbList","@id":"https:\/\/www.irishfamine.ie\/ga\/cuimhneachan-naisiunta-an-ghorta-mhoir-2016-2\/#breadcrumb","itemListElement":[{"@type":"ListItem","position":1,"name":"Home","item":"https:\/\/www.irishfamine.ie\/ga\/"},{"@type":"ListItem","position":2,"name":"Cuimhneach\u00e1n N\u00e1isi\u00fanta an Ghorta Mh\u00f3ir 2016"}]},{"@type":"WebSite","@id":"https:\/\/www.irishfamine.ie\/ga\/#website","url":"https:\/\/www.irishfamine.ie\/ga\/","name":"National Famine Commemoration","description":"","publisher":{"@id":"https:\/\/www.irishfamine.ie\/ga\/#organization"},"potentialAction":[{"@type":"SearchAction","target":{"@type":"EntryPoint","urlTemplate":"https:\/\/www.irishfamine.ie\/ga\/?s={search_term_string}"},"query-input":{"@type":"PropertyValueSpecification","valueRequired":true,"valueName":"search_term_string"}}],"inLanguage":"ga-IE"},{"@type":"Organization","@id":"https:\/\/www.irishfamine.ie\/ga\/#organization","name":"Department of Tourism, Culture, Arts, Gaeltacht, Sport & Media","url":"https:\/\/www.irishfamine.ie\/ga\/","logo":{"@type":"ImageObject","inLanguage":"ga-IE","@id":"https:\/\/www.irishfamine.ie\/ga\/#\/schema\/logo\/image\/","url":"https:\/\/www.irishfamine.ie\/app\/uploads\/2021\/05\/dep-of-Tourism-Culture-Arts-Gaeltacht-sport-and-media-_logo.png","contentUrl":"https:\/\/www.irishfamine.ie\/app\/uploads\/2021\/05\/dep-of-Tourism-Culture-Arts-Gaeltacht-sport-and-media-_logo.png","width":300,"height":148,"caption":"Department of Tourism, Culture, Arts, Gaeltacht, Sport & Media"},"image":{"@id":"https:\/\/www.irishfamine.ie\/ga\/#\/schema\/logo\/image\/"},"sameAs":["https:\/\/www.facebook.com\/DepartmentofCultureIRL\/","https:\/\/x.com\/DeptCultureIRL"]},{"@type":"Person","@id":"https:\/\/www.irishfamine.ie\/ga\/#\/schema\/person\/371cdee80d29c1dde6797dcfc93a10da","name":"Muirne Lyons","image":{"@type":"ImageObject","inLanguage":"ga-IE","@id":"https:\/\/secure.gravatar.com\/avatar\/b5a5fc664c855d44af9e295b6a3e8538d080c374d2d427e0028934fb7b404650?s=96&d=mm&r=g","url":"https:\/\/secure.gravatar.com\/avatar\/b5a5fc664c855d44af9e295b6a3e8538d080c374d2d427e0028934fb7b404650?s=96&d=mm&r=g","contentUrl":"https:\/\/secure.gravatar.com\/avatar\/b5a5fc664c855d44af9e295b6a3e8538d080c374d2d427e0028934fb7b404650?s=96&d=mm&r=g","caption":"Muirne Lyons"},"url":"https:\/\/www.irishfamine.ie\/ga\/author\/muirne-lyons\/"}]}},"_links":{"self":[{"href":"https:\/\/www.irishfamine.ie\/ga\/wp-json\/wp\/v2\/posts\/3149","targetHints":{"allow":["GET"]}}],"collection":[{"href":"https:\/\/www.irishfamine.ie\/ga\/wp-json\/wp\/v2\/posts"}],"about":[{"href":"https:\/\/www.irishfamine.ie\/ga\/wp-json\/wp\/v2\/types\/post"}],"author":[{"embeddable":true,"href":"https:\/\/www.irishfamine.ie\/ga\/wp-json\/wp\/v2\/users\/13"}],"replies":[{"embeddable":true,"href":"https:\/\/www.irishfamine.ie\/ga\/wp-json\/wp\/v2\/comments?post=3149"}],"version-history":[{"count":1,"href":"https:\/\/www.irishfamine.ie\/ga\/wp-json\/wp\/v2\/posts\/3149\/revisions"}],"predecessor-version":[{"id":3150,"href":"https:\/\/www.irishfamine.ie\/ga\/wp-json\/wp\/v2\/posts\/3149\/revisions\/3150"}],"wp:attachment":[{"href":"https:\/\/www.irishfamine.ie\/ga\/wp-json\/wp\/v2\/media?parent=3149"}],"wp:term":[{"taxonomy":"category","embeddable":true,"href":"https:\/\/www.irishfamine.ie\/ga\/wp-json\/wp\/v2\/categories?post=3149"},{"taxonomy":"post_tag","embeddable":true,"href":"https:\/\/www.irishfamine.ie\/ga\/wp-json\/wp\/v2\/tags?post=3149"}],"curies":[{"name":"wp","href":"https:\/\/api.w.org\/{rel}","templated":true}]}}