{"id":3155,"date":"2023-02-22T16:42:28","date_gmt":"2023-02-22T16:42:28","guid":{"rendered":"https:\/\/www.irishfamine.ie\/?p=3155"},"modified":"2024-05-14T16:12:17","modified_gmt":"2024-05-14T15:12:17","slug":"cuimhneachan-idirnaisiunta-2015","status":"publish","type":"post","link":"https:\/\/www.irishfamine.ie\/ga\/cuimhneachan-idirnaisiunta-2015\/","title":{"rendered":"Cuimhneach\u00e1n Idirn\u00e1isi\u00fanta 2015"},"content":{"rendered":"<h2>An Chuimhneach\u00e1n Idirn\u00e1isi\u00fanta an Ghorta Mh\u00f3ir i New Brunswick, Ceanada<\/h2>\n<p>Agus \u00ed ag labhairt, an ch\u00e9ad l\u00e1 de Chuimhneach\u00e1n Idirn\u00e1isi\u00fanta an Ghorta Mh\u00f3ir i New Brunswick, Ceanada, mhol an tAire Eala\u00edon, Oidhreachta agus Gaeltachta agus Cathaoirleach Choiste Cuimhneach\u00e1in N\u00e1isi\u00fanta an Ghorta Mh\u00f3ir, Heather Humphreys TD, an cabhair agus an taca\u00edocht a thug muintir Cheanada d\u2019imircigh na h\u00c9ireann a bh\u00ed ag \u00e9al\u00fa \u00f3n drochshaol sna 1840\u00ed.<\/p>\n<p>Le linn a cuairte ceithre l\u00e1 ar Cheanada, casfaidh an tAire Humphreys le ceannair\u00ed polaiti\u00fala agus gn\u00f3 chomh maith le heagra\u00edochta\u00ed pobail \u00c9ireannacha \u00e1iti\u00fala agus lucht l\u00e9inn ar fud New Brunswick agus Novia Scotia. Rachaidh an tAire go Halifax, Saint John, Moncton, Miramichi agus Oile\u00e1n Prince Edward.<\/p>\n<p>Agus \u00ed ag labhairt d\u00fairt an tAire Humphreys:<\/p>\n<p>\u201cSna laethanta amach romhainn beimid ag cuimhneamh ar \u00edospartaigh Ghorta M\u00f3r na h\u00c9ireann; tr\u00e9imhse thrag\u00f3ideach in\u00e1r stair, nuair a d\u2019fhulaing \u00e1r sinsear ocras agus cruatan nach bhf\u00e9adfadh muidne a shamhl\u00fa. Th\u00e1inig na m\u00edlte \u00c9ireannach go hoirthear Cheanada le linn bhlianta an Ghorta Mh\u00f3ir. Ba dhochreidte an cine\u00e1ltas a thaispe\u00e1in na Ceanadaigh d\u00f3ibh, agus go leor acu f\u00e9in i mbaol an bh\u00e1is agus galair tr\u00ed cabhr\u00fa leis na h\u00c9ireannaigh i ndiaidh a dturas dian trasna an Atlantaigh.<\/p>\n<p>\u201cT\u00e1 toradh millteanach an Ghorta le feice\u00e1il ar fud ch\u00f3sta thoir Cheanada, \u00e1it a bhfuil suas le 20,000 \u00edospartach Eireannach curtha. Ar \u00e1mhara\u00ed an tsaoil, th\u00e1inig na m\u00edlte eile sl\u00e1n \u00f3na n-aistear go dt\u00ed an t\u00edr iasachta seo. Is go m\u00f3rmh\u00f3r a bhu\u00edochas do chine\u00e1ltas mhuintir Cheanada a d\u2019\u00e9irigh leo teacht sl\u00e1n. N\u00ed dh\u00e9anfaidh muintir na h\u00c9ireann dearmad go deo den fh\u00e1ilte fhlaithi\u00fail a thug na Ceanadaigh do na sluaite cro\u00edbhriste a th\u00e1inig i dt\u00edr anseo.<\/p>\n<p>\u201cIs deis \u00e9 Cuimhneach\u00e1n Idirn\u00e1isi\u00fanta an Ghorta Mh\u00f3ir i mbliana, n\u00ed hamh\u00e1in chun trag\u00f3id an Ghorta a thabhairt chun cuimhne, ach freisin chun ceili\u00faradh a dh\u00e9anamh ar an m\u00e9id ollmh\u00f3r at\u00e1 curtha ag imircigh \u00c9ireannacha leis an saol i gCeanada. T\u00e1 an tionchar seo le feice\u00e1il ach go h\u00e1irithe ar fud New Brunswick, \u00e1it a ma\u00edonn beagnach ceathr\u00fa den daonra gur de bhunadh na h\u00c9ireann iad. T\u00e1 mise m\u00e9 f\u00e9in ag s\u00fail leis na ceangail le mo chontae f\u00e9in, Muineach\u00e1n, a fhiosr\u00fa, \u00e1it a d\u2019fh\u00e1g na m\u00edlte imirceach agus iad ar th\u00f3ir shaol nua i gCeanada le linn an Ghorta Mh\u00f3ir.<\/p>\n<p>\u201cIs pr\u00edomhaidhm de Chuimhneach\u00e1n Idirn\u00e1isi\u00fanta an Ghorta Mh\u00f3ir \u00e9 suim a mh\u00fascailt i gceisteanna a bhaineann le gorta ar fud an domhain sa l\u00e1 at\u00e1 inniu ann. I measc thortha\u00ed an ghorta in \u00c9irinn t\u00e1 an comhbh\u00e1 as cuimse at\u00e1 ag \u00c9ireannaigh d\u00f3ibh si\u00fad at\u00e1 buailte leis an ocras faoi l\u00e1thair agus an tiomantas a eascra\u00edonn as sin, do chabhair dhaonn\u00fail agus faoiseamh dhaonn\u00fail. Tr\u00ed phl\u00e9 a spreagadh ag leibh\u00e9al n\u00e1isi\u00fanta agus idirn\u00e1isi\u00fanta ar cabhair agus c\u00fanamh \u00e9igeand\u00e1la d\u00f3ibh si\u00fad at\u00e1 ar an ngannchuid, t\u00e1 feidhm t\u00e1bhachtach \u00e1 chomhl\u00edonadh ag Cuimhneach\u00e1n Idirn\u00e1isi\u00fanta an Ghorta Mh\u00f3ir.\u201d<\/p>\n","protected":false},"excerpt":{"rendered":"<p>An Chuimhneach\u00e1n Idirn\u00e1isi\u00fanta an Ghorta Mh\u00f3ir i New Brunswick, Ceanada Agus \u00ed ag labhairt, an ch\u00e9ad l\u00e1 de Chuimhneach\u00e1n Idirn\u00e1isi\u00fanta an Ghorta Mh\u00f3ir i New Brunswick, Ceanada, mhol an tAire Eala\u00edon, Oidhreachta agus Gaeltachta agus Cathaoirleach Choiste Cuimhneach\u00e1in N\u00e1isi\u00fanta an Ghorta Mh\u00f3ir, Heather Humphreys TD, an cabhair agus an taca\u00edocht a thug muintir Cheanada d\u2019imircigh&#8230; <\/p>\n","protected":false},"author":13,"featured_media":0,"comment_status":"closed","ping_status":"open","sticky":false,"template":"","format":"standard","meta":{"footnotes":""},"categories":[16],"tags":[],"class_list":["post-3155","post","type-post","status-publish","format-standard","hentry","category-comoradh-naisiunta-an-ghorta-mhoir"],"yoast_head":"<!-- This site is optimized with the Yoast SEO plugin v27.2 - https:\/\/yoast.com\/product\/yoast-seo-wordpress\/ -->\n<title>Cuimhneach\u00e1n Idirn\u00e1isi\u00fanta 2015 - Com\u00f3radh N\u00e1isi\u00fanta an Ghorta Mh\u00f3ir<\/title>\n<meta name=\"robots\" content=\"index, follow, max-snippet:-1, max-image-preview:large, max-video-preview:-1\" \/>\n<link rel=\"canonical\" href=\"https:\/\/www.irishfamine.ie\/ga\/cuimhneachan-idirnaisiunta-2015\/\" \/>\n<meta property=\"og:locale\" content=\"ga_IE\" \/>\n<meta property=\"og:type\" content=\"article\" \/>\n<meta property=\"og:title\" content=\"Cuimhneach\u00e1n Idirn\u00e1isi\u00fanta 2015 - Com\u00f3radh N\u00e1isi\u00fanta an Ghorta Mh\u00f3ir\" \/>\n<meta property=\"og:description\" content=\"An Chuimhneach\u00e1n Idirn\u00e1isi\u00fanta an Ghorta Mh\u00f3ir i New Brunswick, Ceanada Agus \u00ed ag labhairt, an ch\u00e9ad l\u00e1 de Chuimhneach\u00e1n Idirn\u00e1isi\u00fanta an Ghorta Mh\u00f3ir i New Brunswick, Ceanada, mhol an tAire Eala\u00edon, Oidhreachta agus Gaeltachta agus Cathaoirleach Choiste Cuimhneach\u00e1in N\u00e1isi\u00fanta an Ghorta Mh\u00f3ir, Heather Humphreys TD, an cabhair agus an taca\u00edocht a thug muintir Cheanada d\u2019imircigh...\" \/>\n<meta property=\"og:url\" content=\"https:\/\/www.irishfamine.ie\/ga\/cuimhneachan-idirnaisiunta-2015\/\" \/>\n<meta property=\"og:site_name\" content=\"Com\u00f3radh N\u00e1isi\u00fanta an Ghorta Mh\u00f3ir\" \/>\n<meta property=\"article:publisher\" content=\"https:\/\/www.facebook.com\/DepartmentofCultureIRL\/\" \/>\n<meta property=\"article:published_time\" content=\"2023-02-22T16:42:28+00:00\" \/>\n<meta property=\"article:modified_time\" content=\"2024-05-14T15:12:17+00:00\" \/>\n<meta name=\"author\" content=\"Muirne Lyons\" \/>\n<meta name=\"twitter:card\" content=\"summary_large_image\" \/>\n<meta name=\"twitter:creator\" content=\"@DeptCultureIRL\" \/>\n<meta name=\"twitter:site\" content=\"@DeptCultureIRL\" \/>\n<meta name=\"twitter:label1\" content=\"Written by\" \/>\n\t<meta name=\"twitter:data1\" content=\"Muirne Lyons\" \/>\n\t<meta name=\"twitter:label2\" content=\"Est. reading time\" \/>\n\t<meta name=\"twitter:data2\" content=\"3 minutes\" \/>\n<script type=\"application\/ld+json\" class=\"yoast-schema-graph\">{\"@context\":\"https:\/\/schema.org\",\"@graph\":[{\"@type\":\"Article\",\"@id\":\"https:\/\/www.irishfamine.ie\/ga\/cuimhneachan-idirnaisiunta-2015\/#article\",\"isPartOf\":{\"@id\":\"https:\/\/www.irishfamine.ie\/ga\/cuimhneachan-idirnaisiunta-2015\/\"},\"author\":{\"name\":\"Muirne Lyons\",\"@id\":\"https:\/\/www.irishfamine.ie\/ga\/#\/schema\/person\/371cdee80d29c1dde6797dcfc93a10da\"},\"headline\":\"Cuimhneach\u00e1n Idirn\u00e1isi\u00fanta 2015\",\"datePublished\":\"2023-02-22T16:42:28+00:00\",\"dateModified\":\"2024-05-14T15:12:17+00:00\",\"mainEntityOfPage\":{\"@id\":\"https:\/\/www.irishfamine.ie\/ga\/cuimhneachan-idirnaisiunta-2015\/\"},\"wordCount\":574,\"publisher\":{\"@id\":\"https:\/\/www.irishfamine.ie\/ga\/#organization\"},\"articleSection\":[\"Com\u00f3radh N\u00e1isi\u00fanta an Ghorta Mh\u00f3ir\"],\"inLanguage\":\"ga-IE\"},{\"@type\":\"WebPage\",\"@id\":\"https:\/\/www.irishfamine.ie\/ga\/cuimhneachan-idirnaisiunta-2015\/\",\"url\":\"https:\/\/www.irishfamine.ie\/ga\/cuimhneachan-idirnaisiunta-2015\/\",\"name\":\"Cuimhneach\u00e1n Idirn\u00e1isi\u00fanta 2015 - Com\u00f3radh N\u00e1isi\u00fanta an Ghorta Mh\u00f3ir\",\"isPartOf\":{\"@id\":\"https:\/\/www.irishfamine.ie\/ga\/#website\"},\"datePublished\":\"2023-02-22T16:42:28+00:00\",\"dateModified\":\"2024-05-14T15:12:17+00:00\",\"breadcrumb\":{\"@id\":\"https:\/\/www.irishfamine.ie\/ga\/cuimhneachan-idirnaisiunta-2015\/#breadcrumb\"},\"inLanguage\":\"ga-IE\",\"potentialAction\":[{\"@type\":\"ReadAction\",\"target\":[\"https:\/\/www.irishfamine.ie\/ga\/cuimhneachan-idirnaisiunta-2015\/\"]}]},{\"@type\":\"BreadcrumbList\",\"@id\":\"https:\/\/www.irishfamine.ie\/ga\/cuimhneachan-idirnaisiunta-2015\/#breadcrumb\",\"itemListElement\":[{\"@type\":\"ListItem\",\"position\":1,\"name\":\"Home\",\"item\":\"https:\/\/www.irishfamine.ie\/ga\/\"},{\"@type\":\"ListItem\",\"position\":2,\"name\":\"Cuimhneach\u00e1n Idirn\u00e1isi\u00fanta 2015\"}]},{\"@type\":\"WebSite\",\"@id\":\"https:\/\/www.irishfamine.ie\/ga\/#website\",\"url\":\"https:\/\/www.irishfamine.ie\/ga\/\",\"name\":\"National Famine Commemoration\",\"description\":\"\",\"publisher\":{\"@id\":\"https:\/\/www.irishfamine.ie\/ga\/#organization\"},\"potentialAction\":[{\"@type\":\"SearchAction\",\"target\":{\"@type\":\"EntryPoint\",\"urlTemplate\":\"https:\/\/www.irishfamine.ie\/ga\/?s={search_term_string}\"},\"query-input\":{\"@type\":\"PropertyValueSpecification\",\"valueRequired\":true,\"valueName\":\"search_term_string\"}}],\"inLanguage\":\"ga-IE\"},{\"@type\":\"Organization\",\"@id\":\"https:\/\/www.irishfamine.ie\/ga\/#organization\",\"name\":\"Department of Tourism, Culture, Arts, Gaeltacht, Sport & Media\",\"url\":\"https:\/\/www.irishfamine.ie\/ga\/\",\"logo\":{\"@type\":\"ImageObject\",\"inLanguage\":\"ga-IE\",\"@id\":\"https:\/\/www.irishfamine.ie\/ga\/#\/schema\/logo\/image\/\",\"url\":\"https:\/\/www.irishfamine.ie\/app\/uploads\/2021\/05\/dep-of-Tourism-Culture-Arts-Gaeltacht-sport-and-media-_logo.png\",\"contentUrl\":\"https:\/\/www.irishfamine.ie\/app\/uploads\/2021\/05\/dep-of-Tourism-Culture-Arts-Gaeltacht-sport-and-media-_logo.png\",\"width\":300,\"height\":148,\"caption\":\"Department of Tourism, Culture, Arts, Gaeltacht, Sport & Media\"},\"image\":{\"@id\":\"https:\/\/www.irishfamine.ie\/ga\/#\/schema\/logo\/image\/\"},\"sameAs\":[\"https:\/\/www.facebook.com\/DepartmentofCultureIRL\/\",\"https:\/\/x.com\/DeptCultureIRL\"]},{\"@type\":\"Person\",\"@id\":\"https:\/\/www.irishfamine.ie\/ga\/#\/schema\/person\/371cdee80d29c1dde6797dcfc93a10da\",\"name\":\"Muirne Lyons\",\"image\":{\"@type\":\"ImageObject\",\"inLanguage\":\"ga-IE\",\"@id\":\"https:\/\/secure.gravatar.com\/avatar\/b5a5fc664c855d44af9e295b6a3e8538d080c374d2d427e0028934fb7b404650?s=96&d=mm&r=g\",\"url\":\"https:\/\/secure.gravatar.com\/avatar\/b5a5fc664c855d44af9e295b6a3e8538d080c374d2d427e0028934fb7b404650?s=96&d=mm&r=g\",\"contentUrl\":\"https:\/\/secure.gravatar.com\/avatar\/b5a5fc664c855d44af9e295b6a3e8538d080c374d2d427e0028934fb7b404650?s=96&d=mm&r=g\",\"caption\":\"Muirne Lyons\"},\"url\":\"https:\/\/www.irishfamine.ie\/ga\/author\/muirne-lyons\/\"}]}<\/script>\n<!-- \/ Yoast SEO plugin. -->","yoast_head_json":{"title":"Cuimhneach\u00e1n Idirn\u00e1isi\u00fanta 2015 - Com\u00f3radh N\u00e1isi\u00fanta an Ghorta Mh\u00f3ir","robots":{"index":"index","follow":"follow","max-snippet":"max-snippet:-1","max-image-preview":"max-image-preview:large","max-video-preview":"max-video-preview:-1"},"canonical":"https:\/\/www.irishfamine.ie\/ga\/cuimhneachan-idirnaisiunta-2015\/","og_locale":"ga_IE","og_type":"article","og_title":"Cuimhneach\u00e1n Idirn\u00e1isi\u00fanta 2015 - Com\u00f3radh N\u00e1isi\u00fanta an Ghorta Mh\u00f3ir","og_description":"An Chuimhneach\u00e1n Idirn\u00e1isi\u00fanta an Ghorta Mh\u00f3ir i New Brunswick, Ceanada Agus \u00ed ag labhairt, an ch\u00e9ad l\u00e1 de Chuimhneach\u00e1n Idirn\u00e1isi\u00fanta an Ghorta Mh\u00f3ir i New Brunswick, Ceanada, mhol an tAire Eala\u00edon, Oidhreachta agus Gaeltachta agus Cathaoirleach Choiste Cuimhneach\u00e1in N\u00e1isi\u00fanta an Ghorta Mh\u00f3ir, Heather Humphreys TD, an cabhair agus an taca\u00edocht a thug muintir Cheanada d\u2019imircigh...","og_url":"https:\/\/www.irishfamine.ie\/ga\/cuimhneachan-idirnaisiunta-2015\/","og_site_name":"Com\u00f3radh N\u00e1isi\u00fanta an Ghorta Mh\u00f3ir","article_publisher":"https:\/\/www.facebook.com\/DepartmentofCultureIRL\/","article_published_time":"2023-02-22T16:42:28+00:00","article_modified_time":"2024-05-14T15:12:17+00:00","author":"Muirne Lyons","twitter_card":"summary_large_image","twitter_creator":"@DeptCultureIRL","twitter_site":"@DeptCultureIRL","twitter_misc":{"Written by":"Muirne Lyons","Est. reading time":"3 minutes"},"schema":{"@context":"https:\/\/schema.org","@graph":[{"@type":"Article","@id":"https:\/\/www.irishfamine.ie\/ga\/cuimhneachan-idirnaisiunta-2015\/#article","isPartOf":{"@id":"https:\/\/www.irishfamine.ie\/ga\/cuimhneachan-idirnaisiunta-2015\/"},"author":{"name":"Muirne Lyons","@id":"https:\/\/www.irishfamine.ie\/ga\/#\/schema\/person\/371cdee80d29c1dde6797dcfc93a10da"},"headline":"Cuimhneach\u00e1n Idirn\u00e1isi\u00fanta 2015","datePublished":"2023-02-22T16:42:28+00:00","dateModified":"2024-05-14T15:12:17+00:00","mainEntityOfPage":{"@id":"https:\/\/www.irishfamine.ie\/ga\/cuimhneachan-idirnaisiunta-2015\/"},"wordCount":574,"publisher":{"@id":"https:\/\/www.irishfamine.ie\/ga\/#organization"},"articleSection":["Com\u00f3radh N\u00e1isi\u00fanta an Ghorta Mh\u00f3ir"],"inLanguage":"ga-IE"},{"@type":"WebPage","@id":"https:\/\/www.irishfamine.ie\/ga\/cuimhneachan-idirnaisiunta-2015\/","url":"https:\/\/www.irishfamine.ie\/ga\/cuimhneachan-idirnaisiunta-2015\/","name":"Cuimhneach\u00e1n Idirn\u00e1isi\u00fanta 2015 - Com\u00f3radh N\u00e1isi\u00fanta an Ghorta Mh\u00f3ir","isPartOf":{"@id":"https:\/\/www.irishfamine.ie\/ga\/#website"},"datePublished":"2023-02-22T16:42:28+00:00","dateModified":"2024-05-14T15:12:17+00:00","breadcrumb":{"@id":"https:\/\/www.irishfamine.ie\/ga\/cuimhneachan-idirnaisiunta-2015\/#breadcrumb"},"inLanguage":"ga-IE","potentialAction":[{"@type":"ReadAction","target":["https:\/\/www.irishfamine.ie\/ga\/cuimhneachan-idirnaisiunta-2015\/"]}]},{"@type":"BreadcrumbList","@id":"https:\/\/www.irishfamine.ie\/ga\/cuimhneachan-idirnaisiunta-2015\/#breadcrumb","itemListElement":[{"@type":"ListItem","position":1,"name":"Home","item":"https:\/\/www.irishfamine.ie\/ga\/"},{"@type":"ListItem","position":2,"name":"Cuimhneach\u00e1n Idirn\u00e1isi\u00fanta 2015"}]},{"@type":"WebSite","@id":"https:\/\/www.irishfamine.ie\/ga\/#website","url":"https:\/\/www.irishfamine.ie\/ga\/","name":"National Famine Commemoration","description":"","publisher":{"@id":"https:\/\/www.irishfamine.ie\/ga\/#organization"},"potentialAction":[{"@type":"SearchAction","target":{"@type":"EntryPoint","urlTemplate":"https:\/\/www.irishfamine.ie\/ga\/?s={search_term_string}"},"query-input":{"@type":"PropertyValueSpecification","valueRequired":true,"valueName":"search_term_string"}}],"inLanguage":"ga-IE"},{"@type":"Organization","@id":"https:\/\/www.irishfamine.ie\/ga\/#organization","name":"Department of Tourism, Culture, Arts, Gaeltacht, Sport & Media","url":"https:\/\/www.irishfamine.ie\/ga\/","logo":{"@type":"ImageObject","inLanguage":"ga-IE","@id":"https:\/\/www.irishfamine.ie\/ga\/#\/schema\/logo\/image\/","url":"https:\/\/www.irishfamine.ie\/app\/uploads\/2021\/05\/dep-of-Tourism-Culture-Arts-Gaeltacht-sport-and-media-_logo.png","contentUrl":"https:\/\/www.irishfamine.ie\/app\/uploads\/2021\/05\/dep-of-Tourism-Culture-Arts-Gaeltacht-sport-and-media-_logo.png","width":300,"height":148,"caption":"Department of Tourism, Culture, Arts, Gaeltacht, Sport & Media"},"image":{"@id":"https:\/\/www.irishfamine.ie\/ga\/#\/schema\/logo\/image\/"},"sameAs":["https:\/\/www.facebook.com\/DepartmentofCultureIRL\/","https:\/\/x.com\/DeptCultureIRL"]},{"@type":"Person","@id":"https:\/\/www.irishfamine.ie\/ga\/#\/schema\/person\/371cdee80d29c1dde6797dcfc93a10da","name":"Muirne Lyons","image":{"@type":"ImageObject","inLanguage":"ga-IE","@id":"https:\/\/secure.gravatar.com\/avatar\/b5a5fc664c855d44af9e295b6a3e8538d080c374d2d427e0028934fb7b404650?s=96&d=mm&r=g","url":"https:\/\/secure.gravatar.com\/avatar\/b5a5fc664c855d44af9e295b6a3e8538d080c374d2d427e0028934fb7b404650?s=96&d=mm&r=g","contentUrl":"https:\/\/secure.gravatar.com\/avatar\/b5a5fc664c855d44af9e295b6a3e8538d080c374d2d427e0028934fb7b404650?s=96&d=mm&r=g","caption":"Muirne Lyons"},"url":"https:\/\/www.irishfamine.ie\/ga\/author\/muirne-lyons\/"}]}},"_links":{"self":[{"href":"https:\/\/www.irishfamine.ie\/ga\/wp-json\/wp\/v2\/posts\/3155","targetHints":{"allow":["GET"]}}],"collection":[{"href":"https:\/\/www.irishfamine.ie\/ga\/wp-json\/wp\/v2\/posts"}],"about":[{"href":"https:\/\/www.irishfamine.ie\/ga\/wp-json\/wp\/v2\/types\/post"}],"author":[{"embeddable":true,"href":"https:\/\/www.irishfamine.ie\/ga\/wp-json\/wp\/v2\/users\/13"}],"replies":[{"embeddable":true,"href":"https:\/\/www.irishfamine.ie\/ga\/wp-json\/wp\/v2\/comments?post=3155"}],"version-history":[{"count":1,"href":"https:\/\/www.irishfamine.ie\/ga\/wp-json\/wp\/v2\/posts\/3155\/revisions"}],"predecessor-version":[{"id":3156,"href":"https:\/\/www.irishfamine.ie\/ga\/wp-json\/wp\/v2\/posts\/3155\/revisions\/3156"}],"wp:attachment":[{"href":"https:\/\/www.irishfamine.ie\/ga\/wp-json\/wp\/v2\/media?parent=3155"}],"wp:term":[{"taxonomy":"category","embeddable":true,"href":"https:\/\/www.irishfamine.ie\/ga\/wp-json\/wp\/v2\/categories?post=3155"},{"taxonomy":"post_tag","embeddable":true,"href":"https:\/\/www.irishfamine.ie\/ga\/wp-json\/wp\/v2\/tags?post=3155"}],"curies":[{"name":"wp","href":"https:\/\/api.w.org\/{rel}","templated":true}]}}