{"id":3390,"date":"2017-10-25T13:36:00","date_gmt":"2017-10-25T12:36:00","guid":{"rendered":"https:\/\/www.irishfamine.ie\/idirnaisiunta-ar-an-ngorta-mor-2017\/"},"modified":"2024-03-11T12:46:26","modified_gmt":"2024-03-11T12:46:26","slug":"idirnaisiunta-ar-an-ngorta-mor-2017","status":"publish","type":"post","link":"https:\/\/www.irishfamine.ie\/ga\/idirnaisiunta-ar-an-ngorta-mor-2017\/","title":{"rendered":"IDIRN\u00c1ISI\u00daNTA AR AN NGORTA M\u00d3R 2017"},"content":{"rendered":"<h3>D\u00e9anann an tAire St\u00e1it O\u2019Donovan ionada\u00edocht thar ceann an Rialtais ag Com\u00f3radh Idirn\u00e1isi\u00fanta an Ghorta Mh\u00f3ir 2017, P\u00e1irc na h\u00c9ireann, Toronto<\/h3>\n<p>Bh\u00ed Cuimhneach\u00e1n Idirn\u00e1isi\u00fanta an Ghorta Mh\u00f3ir do 2017 ar si\u00fal in Ireland Park Toronto D\u00e9 M\u00e1irt, an 24 Deireadh F\u00f3mhair. Ba \u00e9 an imeacht in Ireland Park, \u00e1it a ndearnadh deich mbliana ar oscailt a cheili\u00faradh n\u00edos luaithe i mbliana, an ch\u00e9ad imeacht com\u00f3rtha thar lear eagraithe ag Coiste Cuimhneach\u00e1in N\u00e1isi\u00fanta an Ghorta Mh\u00f3ir in on\u00f3ir agus i gcuimhne orthu si\u00fad a chuaigh ar imirce agus a thug faoin bhfarraige le linn an Ghorta Mh\u00f3ir.<\/p>\n<p>D\u00fairt an tAire St\u00e1it Patrick O\u2019Donovan T.D., a rinne ionada\u00edocht don Rialtas thar ceann Chathaoirleach Choiste Cuimhneach\u00e1in N\u00e1isi\u00fanta an Ghorta Mh\u00f3ir, an tAire Cult\u00fair, Oidhreachta agus Gaeltachta, Heather Humphreys T.D.:<\/p>\n<p style=\"padding-left: 40px;\"><em>\u201cT\u00e1 s\u00e9 thar a bheith cu\u00ed go bhfuil muid ag filleadh ar Ireland Park in Toronto 170 bliain i ndiaidh na bliana is measa den Ghorta, 47 an Bhr\u00f3in, leis na daoine go l\u00e9ir a d\u2019fhulaing agus a d\u2019\u00e9ag le linn na tr\u00e9imhse uafasa\u00ed sin a thabhairt chun cuimhne, go h\u00e1irithe iad si\u00fad go l\u00e9ir, os cionn 110,000 duine, a thug faoin turas cont\u00fairteach go Ceanada as \u00c9irinn an bhliain sin.\u201d<\/em><\/p>\n<p style=\"padding-left: 40px;\"><em>\u201cN\u00ed ligfidh muintir na h\u00c9ireann an tr\u00e1th millteanach sin d\u00e1r stair i ndearmad go deo, agus n\u00ed dh\u00e9anfaidh muid dearmad ach oiread den fh\u00e1ilte fhlaithi\u00fail a chuir muintir na cathrach agus na t\u00edre seo romhainn, go h\u00e1irithe an cairdeas agus an c\u00fanamh a thug muintir Toronto do na sluaite dobr\u00f3nacha dubhacha a th\u00e1inig chun na t\u00edre.\u201d<\/em><\/p>\n<p>While in Toronto Minister O\u2019Donovan also visited the site of the new George Robert Grasset Park which is being developed by the Ireland Park Foundation. The park which is located on the site of the Emigrant hospital will commemorate the sacrifice of many remarkable individuals who died while tending to the sick and dying Irish migrants in Toronto during the summer of 1847. Dr, Grassett himself died at age 36 in July, 1847 of fever contracted while treating victims of the Famine.<\/p>\n<p>Upon his death the Montreal Witness reported that:<\/p>\n<p style=\"padding-left: 40px;\"><em>\u201cDr. Grasset of Toronto, of whose benevolent efforts the papers speak most highly, has fallen a martyr to the duties as immigrant physician there. He died of the fever.\u201d<\/em><\/p>\n<p>Is \u00e9 seo an tr\u00ed\u00fa Com\u00f3radh Idirn\u00e1isi\u00fanta ar an nGorta M\u00f3r i gCeanada. Is \u00e9 seo an tr\u00ed\u00fa Com\u00f3radh Idirn\u00e1isi\u00fanta ar an nGorta M\u00f3r i gCeanada. Rinne Cathair Toronto an ch\u00e9ad chuimhneach\u00e1n a \u00f3st\u00e1il in 2009 agus rinne St, John New Brunswick an cuimhneach\u00e1n i 2015.<\/p>\n","protected":false},"excerpt":{"rendered":"<p>D\u00e9anann an tAire St\u00e1it O\u2019Donovan ionada\u00edocht thar ceann an Rialtais ag Com\u00f3radh Idirn\u00e1isi\u00fanta an Ghorta Mh\u00f3ir 2017, P\u00e1irc na h\u00c9ireann, Toronto Bh\u00ed Cuimhneach\u00e1n Idirn\u00e1isi\u00fanta an Ghorta Mh\u00f3ir do 2017 ar si\u00fal in Ireland Park Toronto D\u00e9 M\u00e1irt, an 24 Deireadh F\u00f3mhair. Ba \u00e9 an imeacht in Ireland Park, \u00e1it a ndearnadh deich mbliana ar oscailt&#8230; <\/p>\n","protected":false},"author":3,"featured_media":2792,"comment_status":"closed","ping_status":"closed","sticky":false,"template":"","format":"standard","meta":{"footnotes":""},"categories":[20,9],"tags":[],"class_list":["post-3390","post","type-post","status-publish","format-standard","has-post-thumbnail","hentry","category-comoradh-idirnaisiunta-an-ghorta-mhoir","category-uncategorized-ga"],"yoast_head":"<!-- This site is optimized with the Yoast SEO plugin v27.2 - https:\/\/yoast.com\/product\/yoast-seo-wordpress\/ -->\n<title>IDIRN\u00c1ISI\u00daNTA AR AN NGORTA M\u00d3R 2017 - Com\u00f3radh N\u00e1isi\u00fanta an Ghorta Mh\u00f3ir<\/title>\n<meta name=\"robots\" content=\"index, follow, max-snippet:-1, max-image-preview:large, max-video-preview:-1\" \/>\n<link rel=\"canonical\" href=\"https:\/\/www.irishfamine.ie\/ga\/idirnaisiunta-ar-an-ngorta-mor-2017\/\" \/>\n<meta property=\"og:locale\" content=\"ga_IE\" \/>\n<meta property=\"og:type\" content=\"article\" \/>\n<meta property=\"og:title\" content=\"IDIRN\u00c1ISI\u00daNTA AR AN NGORTA M\u00d3R 2017 - Com\u00f3radh N\u00e1isi\u00fanta an Ghorta Mh\u00f3ir\" \/>\n<meta property=\"og:description\" content=\"D\u00e9anann an tAire St\u00e1it O\u2019Donovan ionada\u00edocht thar ceann an Rialtais ag Com\u00f3radh Idirn\u00e1isi\u00fanta an Ghorta Mh\u00f3ir 2017, P\u00e1irc na h\u00c9ireann, Toronto Bh\u00ed Cuimhneach\u00e1n Idirn\u00e1isi\u00fanta an Ghorta Mh\u00f3ir do 2017 ar si\u00fal in Ireland Park Toronto D\u00e9 M\u00e1irt, an 24 Deireadh F\u00f3mhair. Ba \u00e9 an imeacht in Ireland Park, \u00e1it a ndearnadh deich mbliana ar oscailt...\" \/>\n<meta property=\"og:url\" content=\"https:\/\/www.irishfamine.ie\/ga\/idirnaisiunta-ar-an-ngorta-mor-2017\/\" \/>\n<meta property=\"og:site_name\" content=\"Com\u00f3radh N\u00e1isi\u00fanta an Ghorta Mh\u00f3ir\" \/>\n<meta property=\"article:publisher\" content=\"https:\/\/www.facebook.com\/DepartmentofCultureIRL\/\" \/>\n<meta property=\"article:published_time\" content=\"2017-10-25T12:36:00+00:00\" \/>\n<meta property=\"article:modified_time\" content=\"2024-03-11T12:46:26+00:00\" \/>\n<meta property=\"og:image\" content=\"https:\/\/www.irishfamine.ie\/app\/uploads\/2017\/02\/Irish-Famine-Wreath-T-Sandler-2017.jpg\" \/>\n\t<meta property=\"og:image:width\" content=\"304\" \/>\n\t<meta property=\"og:image:height\" content=\"280\" \/>\n\t<meta property=\"og:image:type\" content=\"image\/jpeg\" \/>\n<meta name=\"author\" content=\"Irishfamine Admin\" \/>\n<meta name=\"twitter:card\" content=\"summary_large_image\" \/>\n<meta name=\"twitter:creator\" content=\"@DeptCultureIRL\" \/>\n<meta name=\"twitter:site\" content=\"@DeptCultureIRL\" \/>\n<meta name=\"twitter:label1\" content=\"Written by\" \/>\n\t<meta name=\"twitter:data1\" content=\"Irishfamine Admin\" \/>\n\t<meta name=\"twitter:label2\" content=\"Est. reading time\" \/>\n\t<meta name=\"twitter:data2\" content=\"2 minutes\" \/>\n<script type=\"application\/ld+json\" class=\"yoast-schema-graph\">{\"@context\":\"https:\/\/schema.org\",\"@graph\":[{\"@type\":\"Article\",\"@id\":\"https:\/\/www.irishfamine.ie\/ga\/idirnaisiunta-ar-an-ngorta-mor-2017\/#article\",\"isPartOf\":{\"@id\":\"https:\/\/www.irishfamine.ie\/ga\/idirnaisiunta-ar-an-ngorta-mor-2017\/\"},\"author\":{\"name\":\"Irishfamine Admin\",\"@id\":\"https:\/\/www.irishfamine.ie\/ga\/#\/schema\/person\/ee1ed13659b33a2fcf78a9a1c247981e\"},\"headline\":\"IDIRN\u00c1ISI\u00daNTA AR AN NGORTA M\u00d3R 2017\",\"datePublished\":\"2017-10-25T12:36:00+00:00\",\"dateModified\":\"2024-03-11T12:46:26+00:00\",\"mainEntityOfPage\":{\"@id\":\"https:\/\/www.irishfamine.ie\/ga\/idirnaisiunta-ar-an-ngorta-mor-2017\/\"},\"wordCount\":485,\"publisher\":{\"@id\":\"https:\/\/www.irishfamine.ie\/ga\/#organization\"},\"image\":{\"@id\":\"https:\/\/www.irishfamine.ie\/ga\/idirnaisiunta-ar-an-ngorta-mor-2017\/#primaryimage\"},\"thumbnailUrl\":\"https:\/\/www.irishfamine.ie\/app\/uploads\/2017\/02\/Irish-Famine-Wreath-T-Sandler-2017.jpg\",\"articleSection\":[\"Com\u00f3radh Idirn\u00e1isi\u00fanta an Ghorta Mh\u00f3ir\",\"Uncategorized @ga\"],\"inLanguage\":\"ga-IE\"},{\"@type\":\"WebPage\",\"@id\":\"https:\/\/www.irishfamine.ie\/ga\/idirnaisiunta-ar-an-ngorta-mor-2017\/\",\"url\":\"https:\/\/www.irishfamine.ie\/ga\/idirnaisiunta-ar-an-ngorta-mor-2017\/\",\"name\":\"IDIRN\u00c1ISI\u00daNTA AR AN NGORTA M\u00d3R 2017 - Com\u00f3radh N\u00e1isi\u00fanta an Ghorta Mh\u00f3ir\",\"isPartOf\":{\"@id\":\"https:\/\/www.irishfamine.ie\/ga\/#website\"},\"primaryImageOfPage\":{\"@id\":\"https:\/\/www.irishfamine.ie\/ga\/idirnaisiunta-ar-an-ngorta-mor-2017\/#primaryimage\"},\"image\":{\"@id\":\"https:\/\/www.irishfamine.ie\/ga\/idirnaisiunta-ar-an-ngorta-mor-2017\/#primaryimage\"},\"thumbnailUrl\":\"https:\/\/www.irishfamine.ie\/app\/uploads\/2017\/02\/Irish-Famine-Wreath-T-Sandler-2017.jpg\",\"datePublished\":\"2017-10-25T12:36:00+00:00\",\"dateModified\":\"2024-03-11T12:46:26+00:00\",\"breadcrumb\":{\"@id\":\"https:\/\/www.irishfamine.ie\/ga\/idirnaisiunta-ar-an-ngorta-mor-2017\/#breadcrumb\"},\"inLanguage\":\"ga-IE\",\"potentialAction\":[{\"@type\":\"ReadAction\",\"target\":[\"https:\/\/www.irishfamine.ie\/ga\/idirnaisiunta-ar-an-ngorta-mor-2017\/\"]}]},{\"@type\":\"ImageObject\",\"inLanguage\":\"ga-IE\",\"@id\":\"https:\/\/www.irishfamine.ie\/ga\/idirnaisiunta-ar-an-ngorta-mor-2017\/#primaryimage\",\"url\":\"https:\/\/www.irishfamine.ie\/app\/uploads\/2017\/02\/Irish-Famine-Wreath-T-Sandler-2017.jpg\",\"contentUrl\":\"https:\/\/www.irishfamine.ie\/app\/uploads\/2017\/02\/Irish-Famine-Wreath-T-Sandler-2017.jpg\",\"width\":304,\"height\":280},{\"@type\":\"BreadcrumbList\",\"@id\":\"https:\/\/www.irishfamine.ie\/ga\/idirnaisiunta-ar-an-ngorta-mor-2017\/#breadcrumb\",\"itemListElement\":[{\"@type\":\"ListItem\",\"position\":1,\"name\":\"Home\",\"item\":\"https:\/\/www.irishfamine.ie\/ga\/\"},{\"@type\":\"ListItem\",\"position\":2,\"name\":\"IDIRN\u00c1ISI\u00daNTA AR AN NGORTA M\u00d3R 2017\"}]},{\"@type\":\"WebSite\",\"@id\":\"https:\/\/www.irishfamine.ie\/ga\/#website\",\"url\":\"https:\/\/www.irishfamine.ie\/ga\/\",\"name\":\"National Famine Commemoration\",\"description\":\"\",\"publisher\":{\"@id\":\"https:\/\/www.irishfamine.ie\/ga\/#organization\"},\"potentialAction\":[{\"@type\":\"SearchAction\",\"target\":{\"@type\":\"EntryPoint\",\"urlTemplate\":\"https:\/\/www.irishfamine.ie\/ga\/?s={search_term_string}\"},\"query-input\":{\"@type\":\"PropertyValueSpecification\",\"valueRequired\":true,\"valueName\":\"search_term_string\"}}],\"inLanguage\":\"ga-IE\"},{\"@type\":\"Organization\",\"@id\":\"https:\/\/www.irishfamine.ie\/ga\/#organization\",\"name\":\"Department of Tourism, Culture, Arts, Gaeltacht, Sport & Media\",\"url\":\"https:\/\/www.irishfamine.ie\/ga\/\",\"logo\":{\"@type\":\"ImageObject\",\"inLanguage\":\"ga-IE\",\"@id\":\"https:\/\/www.irishfamine.ie\/ga\/#\/schema\/logo\/image\/\",\"url\":\"https:\/\/www.irishfamine.ie\/app\/uploads\/2021\/05\/dep-of-Tourism-Culture-Arts-Gaeltacht-sport-and-media-_logo.png\",\"contentUrl\":\"https:\/\/www.irishfamine.ie\/app\/uploads\/2021\/05\/dep-of-Tourism-Culture-Arts-Gaeltacht-sport-and-media-_logo.png\",\"width\":300,\"height\":148,\"caption\":\"Department of Tourism, Culture, Arts, Gaeltacht, Sport & Media\"},\"image\":{\"@id\":\"https:\/\/www.irishfamine.ie\/ga\/#\/schema\/logo\/image\/\"},\"sameAs\":[\"https:\/\/www.facebook.com\/DepartmentofCultureIRL\/\",\"https:\/\/x.com\/DeptCultureIRL\"]},{\"@type\":\"Person\",\"@id\":\"https:\/\/www.irishfamine.ie\/ga\/#\/schema\/person\/ee1ed13659b33a2fcf78a9a1c247981e\",\"name\":\"Irishfamine Admin\",\"image\":{\"@type\":\"ImageObject\",\"inLanguage\":\"ga-IE\",\"@id\":\"https:\/\/secure.gravatar.com\/avatar\/d6663a20fb08cd192bcfd2c7177cb943b6575b8452372f3d1e1925591abfeb75?s=96&d=mm&r=g\",\"url\":\"https:\/\/secure.gravatar.com\/avatar\/d6663a20fb08cd192bcfd2c7177cb943b6575b8452372f3d1e1925591abfeb75?s=96&d=mm&r=g\",\"contentUrl\":\"https:\/\/secure.gravatar.com\/avatar\/d6663a20fb08cd192bcfd2c7177cb943b6575b8452372f3d1e1925591abfeb75?s=96&d=mm&r=g\",\"caption\":\"Irishfamine Admin\"},\"sameAs\":[\"https:\/\/www.irishfamine.ie\"],\"url\":\"https:\/\/www.irishfamine.ie\/ga\/author\/irishfamine_admin\/\"}]}<\/script>\n<!-- \/ Yoast SEO plugin. -->","yoast_head_json":{"title":"IDIRN\u00c1ISI\u00daNTA AR AN NGORTA M\u00d3R 2017 - Com\u00f3radh N\u00e1isi\u00fanta an Ghorta Mh\u00f3ir","robots":{"index":"index","follow":"follow","max-snippet":"max-snippet:-1","max-image-preview":"max-image-preview:large","max-video-preview":"max-video-preview:-1"},"canonical":"https:\/\/www.irishfamine.ie\/ga\/idirnaisiunta-ar-an-ngorta-mor-2017\/","og_locale":"ga_IE","og_type":"article","og_title":"IDIRN\u00c1ISI\u00daNTA AR AN NGORTA M\u00d3R 2017 - Com\u00f3radh N\u00e1isi\u00fanta an Ghorta Mh\u00f3ir","og_description":"D\u00e9anann an tAire St\u00e1it O\u2019Donovan ionada\u00edocht thar ceann an Rialtais ag Com\u00f3radh Idirn\u00e1isi\u00fanta an Ghorta Mh\u00f3ir 2017, P\u00e1irc na h\u00c9ireann, Toronto Bh\u00ed Cuimhneach\u00e1n Idirn\u00e1isi\u00fanta an Ghorta Mh\u00f3ir do 2017 ar si\u00fal in Ireland Park Toronto D\u00e9 M\u00e1irt, an 24 Deireadh F\u00f3mhair. Ba \u00e9 an imeacht in Ireland Park, \u00e1it a ndearnadh deich mbliana ar oscailt...","og_url":"https:\/\/www.irishfamine.ie\/ga\/idirnaisiunta-ar-an-ngorta-mor-2017\/","og_site_name":"Com\u00f3radh N\u00e1isi\u00fanta an Ghorta Mh\u00f3ir","article_publisher":"https:\/\/www.facebook.com\/DepartmentofCultureIRL\/","article_published_time":"2017-10-25T12:36:00+00:00","article_modified_time":"2024-03-11T12:46:26+00:00","og_image":[{"width":304,"height":280,"url":"https:\/\/www.irishfamine.ie\/app\/uploads\/2017\/02\/Irish-Famine-Wreath-T-Sandler-2017.jpg","type":"image\/jpeg"}],"author":"Irishfamine Admin","twitter_card":"summary_large_image","twitter_creator":"@DeptCultureIRL","twitter_site":"@DeptCultureIRL","twitter_misc":{"Written by":"Irishfamine Admin","Est. reading time":"2 minutes"},"schema":{"@context":"https:\/\/schema.org","@graph":[{"@type":"Article","@id":"https:\/\/www.irishfamine.ie\/ga\/idirnaisiunta-ar-an-ngorta-mor-2017\/#article","isPartOf":{"@id":"https:\/\/www.irishfamine.ie\/ga\/idirnaisiunta-ar-an-ngorta-mor-2017\/"},"author":{"name":"Irishfamine Admin","@id":"https:\/\/www.irishfamine.ie\/ga\/#\/schema\/person\/ee1ed13659b33a2fcf78a9a1c247981e"},"headline":"IDIRN\u00c1ISI\u00daNTA AR AN NGORTA M\u00d3R 2017","datePublished":"2017-10-25T12:36:00+00:00","dateModified":"2024-03-11T12:46:26+00:00","mainEntityOfPage":{"@id":"https:\/\/www.irishfamine.ie\/ga\/idirnaisiunta-ar-an-ngorta-mor-2017\/"},"wordCount":485,"publisher":{"@id":"https:\/\/www.irishfamine.ie\/ga\/#organization"},"image":{"@id":"https:\/\/www.irishfamine.ie\/ga\/idirnaisiunta-ar-an-ngorta-mor-2017\/#primaryimage"},"thumbnailUrl":"https:\/\/www.irishfamine.ie\/app\/uploads\/2017\/02\/Irish-Famine-Wreath-T-Sandler-2017.jpg","articleSection":["Com\u00f3radh Idirn\u00e1isi\u00fanta an Ghorta Mh\u00f3ir","Uncategorized @ga"],"inLanguage":"ga-IE"},{"@type":"WebPage","@id":"https:\/\/www.irishfamine.ie\/ga\/idirnaisiunta-ar-an-ngorta-mor-2017\/","url":"https:\/\/www.irishfamine.ie\/ga\/idirnaisiunta-ar-an-ngorta-mor-2017\/","name":"IDIRN\u00c1ISI\u00daNTA AR AN NGORTA M\u00d3R 2017 - Com\u00f3radh N\u00e1isi\u00fanta an Ghorta Mh\u00f3ir","isPartOf":{"@id":"https:\/\/www.irishfamine.ie\/ga\/#website"},"primaryImageOfPage":{"@id":"https:\/\/www.irishfamine.ie\/ga\/idirnaisiunta-ar-an-ngorta-mor-2017\/#primaryimage"},"image":{"@id":"https:\/\/www.irishfamine.ie\/ga\/idirnaisiunta-ar-an-ngorta-mor-2017\/#primaryimage"},"thumbnailUrl":"https:\/\/www.irishfamine.ie\/app\/uploads\/2017\/02\/Irish-Famine-Wreath-T-Sandler-2017.jpg","datePublished":"2017-10-25T12:36:00+00:00","dateModified":"2024-03-11T12:46:26+00:00","breadcrumb":{"@id":"https:\/\/www.irishfamine.ie\/ga\/idirnaisiunta-ar-an-ngorta-mor-2017\/#breadcrumb"},"inLanguage":"ga-IE","potentialAction":[{"@type":"ReadAction","target":["https:\/\/www.irishfamine.ie\/ga\/idirnaisiunta-ar-an-ngorta-mor-2017\/"]}]},{"@type":"ImageObject","inLanguage":"ga-IE","@id":"https:\/\/www.irishfamine.ie\/ga\/idirnaisiunta-ar-an-ngorta-mor-2017\/#primaryimage","url":"https:\/\/www.irishfamine.ie\/app\/uploads\/2017\/02\/Irish-Famine-Wreath-T-Sandler-2017.jpg","contentUrl":"https:\/\/www.irishfamine.ie\/app\/uploads\/2017\/02\/Irish-Famine-Wreath-T-Sandler-2017.jpg","width":304,"height":280},{"@type":"BreadcrumbList","@id":"https:\/\/www.irishfamine.ie\/ga\/idirnaisiunta-ar-an-ngorta-mor-2017\/#breadcrumb","itemListElement":[{"@type":"ListItem","position":1,"name":"Home","item":"https:\/\/www.irishfamine.ie\/ga\/"},{"@type":"ListItem","position":2,"name":"IDIRN\u00c1ISI\u00daNTA AR AN NGORTA M\u00d3R 2017"}]},{"@type":"WebSite","@id":"https:\/\/www.irishfamine.ie\/ga\/#website","url":"https:\/\/www.irishfamine.ie\/ga\/","name":"National Famine Commemoration","description":"","publisher":{"@id":"https:\/\/www.irishfamine.ie\/ga\/#organization"},"potentialAction":[{"@type":"SearchAction","target":{"@type":"EntryPoint","urlTemplate":"https:\/\/www.irishfamine.ie\/ga\/?s={search_term_string}"},"query-input":{"@type":"PropertyValueSpecification","valueRequired":true,"valueName":"search_term_string"}}],"inLanguage":"ga-IE"},{"@type":"Organization","@id":"https:\/\/www.irishfamine.ie\/ga\/#organization","name":"Department of Tourism, Culture, Arts, Gaeltacht, Sport & Media","url":"https:\/\/www.irishfamine.ie\/ga\/","logo":{"@type":"ImageObject","inLanguage":"ga-IE","@id":"https:\/\/www.irishfamine.ie\/ga\/#\/schema\/logo\/image\/","url":"https:\/\/www.irishfamine.ie\/app\/uploads\/2021\/05\/dep-of-Tourism-Culture-Arts-Gaeltacht-sport-and-media-_logo.png","contentUrl":"https:\/\/www.irishfamine.ie\/app\/uploads\/2021\/05\/dep-of-Tourism-Culture-Arts-Gaeltacht-sport-and-media-_logo.png","width":300,"height":148,"caption":"Department of Tourism, Culture, Arts, Gaeltacht, Sport & Media"},"image":{"@id":"https:\/\/www.irishfamine.ie\/ga\/#\/schema\/logo\/image\/"},"sameAs":["https:\/\/www.facebook.com\/DepartmentofCultureIRL\/","https:\/\/x.com\/DeptCultureIRL"]},{"@type":"Person","@id":"https:\/\/www.irishfamine.ie\/ga\/#\/schema\/person\/ee1ed13659b33a2fcf78a9a1c247981e","name":"Irishfamine Admin","image":{"@type":"ImageObject","inLanguage":"ga-IE","@id":"https:\/\/secure.gravatar.com\/avatar\/d6663a20fb08cd192bcfd2c7177cb943b6575b8452372f3d1e1925591abfeb75?s=96&d=mm&r=g","url":"https:\/\/secure.gravatar.com\/avatar\/d6663a20fb08cd192bcfd2c7177cb943b6575b8452372f3d1e1925591abfeb75?s=96&d=mm&r=g","contentUrl":"https:\/\/secure.gravatar.com\/avatar\/d6663a20fb08cd192bcfd2c7177cb943b6575b8452372f3d1e1925591abfeb75?s=96&d=mm&r=g","caption":"Irishfamine Admin"},"sameAs":["https:\/\/www.irishfamine.ie"],"url":"https:\/\/www.irishfamine.ie\/ga\/author\/irishfamine_admin\/"}]}},"_links":{"self":[{"href":"https:\/\/www.irishfamine.ie\/ga\/wp-json\/wp\/v2\/posts\/3390","targetHints":{"allow":["GET"]}}],"collection":[{"href":"https:\/\/www.irishfamine.ie\/ga\/wp-json\/wp\/v2\/posts"}],"about":[{"href":"https:\/\/www.irishfamine.ie\/ga\/wp-json\/wp\/v2\/types\/post"}],"author":[{"embeddable":true,"href":"https:\/\/www.irishfamine.ie\/ga\/wp-json\/wp\/v2\/users\/3"}],"replies":[{"embeddable":true,"href":"https:\/\/www.irishfamine.ie\/ga\/wp-json\/wp\/v2\/comments?post=3390"}],"version-history":[{"count":2,"href":"https:\/\/www.irishfamine.ie\/ga\/wp-json\/wp\/v2\/posts\/3390\/revisions"}],"predecessor-version":[{"id":3392,"href":"https:\/\/www.irishfamine.ie\/ga\/wp-json\/wp\/v2\/posts\/3390\/revisions\/3392"}],"wp:featuredmedia":[{"embeddable":true,"href":"https:\/\/www.irishfamine.ie\/ga\/wp-json\/wp\/v2\/media\/2792"}],"wp:attachment":[{"href":"https:\/\/www.irishfamine.ie\/ga\/wp-json\/wp\/v2\/media?parent=3390"}],"wp:term":[{"taxonomy":"category","embeddable":true,"href":"https:\/\/www.irishfamine.ie\/ga\/wp-json\/wp\/v2\/categories?post=3390"},{"taxonomy":"post_tag","embeddable":true,"href":"https:\/\/www.irishfamine.ie\/ga\/wp-json\/wp\/v2\/tags?post=3390"}],"curies":[{"name":"wp","href":"https:\/\/api.w.org\/{rel}","templated":true}]}}