{"id":3541,"date":"2009-05-17T11:14:03","date_gmt":"2009-05-17T10:14:03","guid":{"rendered":"https:\/\/www.irishfamine.ie\/comoradh-naisiunta-an-ghorta-mhoir-2009\/"},"modified":"2024-05-10T11:51:40","modified_gmt":"2024-05-10T10:51:40","slug":"comoradh-naisiunta-an-ghorta-mhoir-2009","status":"publish","type":"post","link":"https:\/\/www.irishfamine.ie\/ga\/comoradh-naisiunta-an-ghorta-mhoir-2009\/","title":{"rendered":"Com\u00f3radh N\u00e1isi\u00fanta an Ghorta Mh\u00f3ir 2009"},"content":{"rendered":"<h3>Com\u00f3radh N\u00e1isi\u00fanta an Ghorta Mh\u00f3ir 2009<\/h3>\n<p>17 Bealtaine 2009 Ag lean\u00faint ar aghaidh \u00f3 na himeachta\u00ed com\u00f3rtha i gCeanada, rinne \u00c9amon \u00d3 Cu\u00edv, T.D., an tAire Gn\u00f3tha\u00ed Pobail, Tuaithe agus Gaeltachta ionada\u00edocht thar ceann an Rialtais ar L\u00e1 Cuimhneach\u00e1in N\u00e1isi\u00fanta an Ghorta Mh\u00f3ir, an 17 Bealtaine 2009, sa Sciobair\u00edn, Co Chorca\u00ed, ag searmanas soll\u00fanta chun com\u00f3radh a dh\u00e9anamh orthu si\u00fad go l\u00e9ir a d\u2019fhulaing le linn an Ghorta; a fuair b\u00e1s, n\u00f3 a chaill muintir, teach n\u00f3 t\u00edr.<\/p>\n<p>Cuireadh t\u00fas leis an imeacht sa Sciobair\u00edn, Co. Chorca\u00ed le searmanas i bP\u00e1irc U\u00ed Dhonnabh\u00e1in Rossa, le pr\u00edomhimeacht searmanais fhoirmi\u00fail, bratach an St\u00e1it agus searmanas leagan bl\u00e1thfhleisce ag deireadh an imeachta, i Reilig Mhainistir na Sruthrach, \u00e1it ar cuireadh idir 8,000 agus 10,000 \u00edospartach de chuid an Ghorta Mh\u00f3ir in olluaigh.<\/p>\n<p><img decoding=\"async\" src=\"https:\/\/www.irishfamine.ie\/app\/uploads\/2009\/05\/International-Famine-Commemoration-2009-1024x768.jpg\" alt=\"\u00c9amon \u00d3 Cu\u00edv, T.D., Minister for Community, Rural and Gaeltacht Affairs at the 2009 National Famine Commemoration\" \/><\/p>\n","protected":false},"excerpt":{"rendered":"<p>Com\u00f3radh N\u00e1isi\u00fanta an Ghorta Mh\u00f3ir 2009 17 Bealtaine 2009 Ag lean\u00faint ar aghaidh \u00f3 na himeachta\u00ed com\u00f3rtha i gCeanada, rinne \u00c9amon \u00d3 Cu\u00edv, T.D., an tAire Gn\u00f3tha\u00ed Pobail, Tuaithe agus Gaeltachta ionada\u00edocht thar ceann an Rialtais ar L\u00e1 Cuimhneach\u00e1in N\u00e1isi\u00fanta an Ghorta Mh\u00f3ir, an 17 Bealtaine 2009, sa Sciobair\u00edn, Co Chorca\u00ed, ag searmanas soll\u00fanta chun&#8230; <\/p>\n","protected":false},"author":3,"featured_media":2786,"comment_status":"closed","ping_status":"open","sticky":false,"template":"","format":"standard","meta":{"footnotes":""},"categories":[16],"tags":[],"class_list":["post-3541","post","type-post","status-publish","format-standard","has-post-thumbnail","hentry","category-comoradh-naisiunta-an-ghorta-mhoir"],"yoast_head":"<!-- This site is optimized with the Yoast SEO plugin v27.2 - https:\/\/yoast.com\/product\/yoast-seo-wordpress\/ -->\n<title>Com\u00f3radh N\u00e1isi\u00fanta an Ghorta Mh\u00f3ir 2009 - Com\u00f3radh N\u00e1isi\u00fanta an Ghorta Mh\u00f3ir<\/title>\n<meta name=\"robots\" content=\"index, follow, max-snippet:-1, max-image-preview:large, max-video-preview:-1\" \/>\n<link rel=\"canonical\" href=\"https:\/\/www.irishfamine.ie\/ga\/comoradh-naisiunta-an-ghorta-mhoir-2009\/\" \/>\n<meta property=\"og:locale\" content=\"ga_IE\" \/>\n<meta property=\"og:type\" content=\"article\" \/>\n<meta property=\"og:title\" content=\"Com\u00f3radh N\u00e1isi\u00fanta an Ghorta Mh\u00f3ir 2009 - Com\u00f3radh N\u00e1isi\u00fanta an Ghorta Mh\u00f3ir\" \/>\n<meta property=\"og:description\" content=\"Com\u00f3radh N\u00e1isi\u00fanta an Ghorta Mh\u00f3ir 2009 17 Bealtaine 2009 Ag lean\u00faint ar aghaidh \u00f3 na himeachta\u00ed com\u00f3rtha i gCeanada, rinne \u00c9amon \u00d3 Cu\u00edv, T.D., an tAire Gn\u00f3tha\u00ed Pobail, Tuaithe agus Gaeltachta ionada\u00edocht thar ceann an Rialtais ar L\u00e1 Cuimhneach\u00e1in N\u00e1isi\u00fanta an Ghorta Mh\u00f3ir, an 17 Bealtaine 2009, sa Sciobair\u00edn, Co Chorca\u00ed, ag searmanas soll\u00fanta chun...\" \/>\n<meta property=\"og:url\" content=\"https:\/\/www.irishfamine.ie\/ga\/comoradh-naisiunta-an-ghorta-mhoir-2009\/\" \/>\n<meta property=\"og:site_name\" content=\"Com\u00f3radh N\u00e1isi\u00fanta an Ghorta Mh\u00f3ir\" \/>\n<meta property=\"article:publisher\" content=\"https:\/\/www.facebook.com\/DepartmentofCultureIRL\/\" \/>\n<meta property=\"article:published_time\" content=\"2009-05-17T10:14:03+00:00\" \/>\n<meta property=\"article:modified_time\" content=\"2024-05-10T10:51:40+00:00\" \/>\n<meta property=\"og:image\" content=\"https:\/\/www.irishfamine.ie\/app\/uploads\/2009\/05\/National-Famine-Memorial-Day-in-Skibbereen-Co-Cork.jpg\" \/>\n\t<meta property=\"og:image:width\" content=\"304\" \/>\n\t<meta property=\"og:image:height\" content=\"280\" \/>\n\t<meta property=\"og:image:type\" content=\"image\/jpeg\" \/>\n<meta name=\"author\" content=\"Irishfamine Admin\" \/>\n<meta name=\"twitter:card\" content=\"summary_large_image\" \/>\n<meta name=\"twitter:creator\" content=\"@DeptCultureIRL\" \/>\n<meta name=\"twitter:site\" content=\"@DeptCultureIRL\" \/>\n<meta name=\"twitter:label1\" content=\"Written by\" \/>\n\t<meta name=\"twitter:data1\" content=\"Irishfamine Admin\" \/>\n\t<meta name=\"twitter:label2\" content=\"Est. reading time\" \/>\n\t<meta name=\"twitter:data2\" content=\"1 minute\" \/>\n<script type=\"application\/ld+json\" class=\"yoast-schema-graph\">{\"@context\":\"https:\/\/schema.org\",\"@graph\":[{\"@type\":\"Article\",\"@id\":\"https:\/\/www.irishfamine.ie\/ga\/comoradh-naisiunta-an-ghorta-mhoir-2009\/#article\",\"isPartOf\":{\"@id\":\"https:\/\/www.irishfamine.ie\/ga\/comoradh-naisiunta-an-ghorta-mhoir-2009\/\"},\"author\":{\"name\":\"Irishfamine Admin\",\"@id\":\"https:\/\/www.irishfamine.ie\/ga\/#\/schema\/person\/ee1ed13659b33a2fcf78a9a1c247981e\"},\"headline\":\"Com\u00f3radh N\u00e1isi\u00fanta an Ghorta Mh\u00f3ir 2009\",\"datePublished\":\"2009-05-17T10:14:03+00:00\",\"dateModified\":\"2024-05-10T10:51:40+00:00\",\"mainEntityOfPage\":{\"@id\":\"https:\/\/www.irishfamine.ie\/ga\/comoradh-naisiunta-an-ghorta-mhoir-2009\/\"},\"wordCount\":161,\"publisher\":{\"@id\":\"https:\/\/www.irishfamine.ie\/ga\/#organization\"},\"image\":{\"@id\":\"https:\/\/www.irishfamine.ie\/ga\/comoradh-naisiunta-an-ghorta-mhoir-2009\/#primaryimage\"},\"thumbnailUrl\":\"https:\/\/www.irishfamine.ie\/app\/uploads\/2009\/05\/National-Famine-Memorial-Day-in-Skibbereen-Co-Cork.jpg\",\"articleSection\":[\"Com\u00f3radh N\u00e1isi\u00fanta an Ghorta Mh\u00f3ir\"],\"inLanguage\":\"ga-IE\"},{\"@type\":\"WebPage\",\"@id\":\"https:\/\/www.irishfamine.ie\/ga\/comoradh-naisiunta-an-ghorta-mhoir-2009\/\",\"url\":\"https:\/\/www.irishfamine.ie\/ga\/comoradh-naisiunta-an-ghorta-mhoir-2009\/\",\"name\":\"Com\u00f3radh N\u00e1isi\u00fanta an Ghorta Mh\u00f3ir 2009 - Com\u00f3radh N\u00e1isi\u00fanta an Ghorta Mh\u00f3ir\",\"isPartOf\":{\"@id\":\"https:\/\/www.irishfamine.ie\/ga\/#website\"},\"primaryImageOfPage\":{\"@id\":\"https:\/\/www.irishfamine.ie\/ga\/comoradh-naisiunta-an-ghorta-mhoir-2009\/#primaryimage\"},\"image\":{\"@id\":\"https:\/\/www.irishfamine.ie\/ga\/comoradh-naisiunta-an-ghorta-mhoir-2009\/#primaryimage\"},\"thumbnailUrl\":\"https:\/\/www.irishfamine.ie\/app\/uploads\/2009\/05\/National-Famine-Memorial-Day-in-Skibbereen-Co-Cork.jpg\",\"datePublished\":\"2009-05-17T10:14:03+00:00\",\"dateModified\":\"2024-05-10T10:51:40+00:00\",\"breadcrumb\":{\"@id\":\"https:\/\/www.irishfamine.ie\/ga\/comoradh-naisiunta-an-ghorta-mhoir-2009\/#breadcrumb\"},\"inLanguage\":\"ga-IE\",\"potentialAction\":[{\"@type\":\"ReadAction\",\"target\":[\"https:\/\/www.irishfamine.ie\/ga\/comoradh-naisiunta-an-ghorta-mhoir-2009\/\"]}]},{\"@type\":\"ImageObject\",\"inLanguage\":\"ga-IE\",\"@id\":\"https:\/\/www.irishfamine.ie\/ga\/comoradh-naisiunta-an-ghorta-mhoir-2009\/#primaryimage\",\"url\":\"https:\/\/www.irishfamine.ie\/app\/uploads\/2009\/05\/National-Famine-Memorial-Day-in-Skibbereen-Co-Cork.jpg\",\"contentUrl\":\"https:\/\/www.irishfamine.ie\/app\/uploads\/2009\/05\/National-Famine-Memorial-Day-in-Skibbereen-Co-Cork.jpg\",\"width\":304,\"height\":280},{\"@type\":\"BreadcrumbList\",\"@id\":\"https:\/\/www.irishfamine.ie\/ga\/comoradh-naisiunta-an-ghorta-mhoir-2009\/#breadcrumb\",\"itemListElement\":[{\"@type\":\"ListItem\",\"position\":1,\"name\":\"Home\",\"item\":\"https:\/\/www.irishfamine.ie\/ga\/\"},{\"@type\":\"ListItem\",\"position\":2,\"name\":\"Com\u00f3radh N\u00e1isi\u00fanta an Ghorta Mh\u00f3ir 2009\"}]},{\"@type\":\"WebSite\",\"@id\":\"https:\/\/www.irishfamine.ie\/ga\/#website\",\"url\":\"https:\/\/www.irishfamine.ie\/ga\/\",\"name\":\"National Famine Commemoration\",\"description\":\"\",\"publisher\":{\"@id\":\"https:\/\/www.irishfamine.ie\/ga\/#organization\"},\"potentialAction\":[{\"@type\":\"SearchAction\",\"target\":{\"@type\":\"EntryPoint\",\"urlTemplate\":\"https:\/\/www.irishfamine.ie\/ga\/?s={search_term_string}\"},\"query-input\":{\"@type\":\"PropertyValueSpecification\",\"valueRequired\":true,\"valueName\":\"search_term_string\"}}],\"inLanguage\":\"ga-IE\"},{\"@type\":\"Organization\",\"@id\":\"https:\/\/www.irishfamine.ie\/ga\/#organization\",\"name\":\"Department of Tourism, Culture, Arts, Gaeltacht, Sport & Media\",\"url\":\"https:\/\/www.irishfamine.ie\/ga\/\",\"logo\":{\"@type\":\"ImageObject\",\"inLanguage\":\"ga-IE\",\"@id\":\"https:\/\/www.irishfamine.ie\/ga\/#\/schema\/logo\/image\/\",\"url\":\"https:\/\/www.irishfamine.ie\/app\/uploads\/2021\/05\/dep-of-Tourism-Culture-Arts-Gaeltacht-sport-and-media-_logo.png\",\"contentUrl\":\"https:\/\/www.irishfamine.ie\/app\/uploads\/2021\/05\/dep-of-Tourism-Culture-Arts-Gaeltacht-sport-and-media-_logo.png\",\"width\":300,\"height\":148,\"caption\":\"Department of Tourism, Culture, Arts, Gaeltacht, Sport & Media\"},\"image\":{\"@id\":\"https:\/\/www.irishfamine.ie\/ga\/#\/schema\/logo\/image\/\"},\"sameAs\":[\"https:\/\/www.facebook.com\/DepartmentofCultureIRL\/\",\"https:\/\/x.com\/DeptCultureIRL\"]},{\"@type\":\"Person\",\"@id\":\"https:\/\/www.irishfamine.ie\/ga\/#\/schema\/person\/ee1ed13659b33a2fcf78a9a1c247981e\",\"name\":\"Irishfamine Admin\",\"image\":{\"@type\":\"ImageObject\",\"inLanguage\":\"ga-IE\",\"@id\":\"https:\/\/secure.gravatar.com\/avatar\/d6663a20fb08cd192bcfd2c7177cb943b6575b8452372f3d1e1925591abfeb75?s=96&d=mm&r=g\",\"url\":\"https:\/\/secure.gravatar.com\/avatar\/d6663a20fb08cd192bcfd2c7177cb943b6575b8452372f3d1e1925591abfeb75?s=96&d=mm&r=g\",\"contentUrl\":\"https:\/\/secure.gravatar.com\/avatar\/d6663a20fb08cd192bcfd2c7177cb943b6575b8452372f3d1e1925591abfeb75?s=96&d=mm&r=g\",\"caption\":\"Irishfamine Admin\"},\"sameAs\":[\"https:\/\/www.irishfamine.ie\"],\"url\":\"https:\/\/www.irishfamine.ie\/ga\/author\/irishfamine_admin\/\"}]}<\/script>\n<!-- \/ Yoast SEO plugin. -->","yoast_head_json":{"title":"Com\u00f3radh N\u00e1isi\u00fanta an Ghorta Mh\u00f3ir 2009 - Com\u00f3radh N\u00e1isi\u00fanta an Ghorta Mh\u00f3ir","robots":{"index":"index","follow":"follow","max-snippet":"max-snippet:-1","max-image-preview":"max-image-preview:large","max-video-preview":"max-video-preview:-1"},"canonical":"https:\/\/www.irishfamine.ie\/ga\/comoradh-naisiunta-an-ghorta-mhoir-2009\/","og_locale":"ga_IE","og_type":"article","og_title":"Com\u00f3radh N\u00e1isi\u00fanta an Ghorta Mh\u00f3ir 2009 - Com\u00f3radh N\u00e1isi\u00fanta an Ghorta Mh\u00f3ir","og_description":"Com\u00f3radh N\u00e1isi\u00fanta an Ghorta Mh\u00f3ir 2009 17 Bealtaine 2009 Ag lean\u00faint ar aghaidh \u00f3 na himeachta\u00ed com\u00f3rtha i gCeanada, rinne \u00c9amon \u00d3 Cu\u00edv, T.D., an tAire Gn\u00f3tha\u00ed Pobail, Tuaithe agus Gaeltachta ionada\u00edocht thar ceann an Rialtais ar L\u00e1 Cuimhneach\u00e1in N\u00e1isi\u00fanta an Ghorta Mh\u00f3ir, an 17 Bealtaine 2009, sa Sciobair\u00edn, Co Chorca\u00ed, ag searmanas soll\u00fanta chun...","og_url":"https:\/\/www.irishfamine.ie\/ga\/comoradh-naisiunta-an-ghorta-mhoir-2009\/","og_site_name":"Com\u00f3radh N\u00e1isi\u00fanta an Ghorta Mh\u00f3ir","article_publisher":"https:\/\/www.facebook.com\/DepartmentofCultureIRL\/","article_published_time":"2009-05-17T10:14:03+00:00","article_modified_time":"2024-05-10T10:51:40+00:00","og_image":[{"width":304,"height":280,"url":"https:\/\/www.irishfamine.ie\/app\/uploads\/2009\/05\/National-Famine-Memorial-Day-in-Skibbereen-Co-Cork.jpg","type":"image\/jpeg"}],"author":"Irishfamine Admin","twitter_card":"summary_large_image","twitter_creator":"@DeptCultureIRL","twitter_site":"@DeptCultureIRL","twitter_misc":{"Written by":"Irishfamine Admin","Est. reading time":"1 minute"},"schema":{"@context":"https:\/\/schema.org","@graph":[{"@type":"Article","@id":"https:\/\/www.irishfamine.ie\/ga\/comoradh-naisiunta-an-ghorta-mhoir-2009\/#article","isPartOf":{"@id":"https:\/\/www.irishfamine.ie\/ga\/comoradh-naisiunta-an-ghorta-mhoir-2009\/"},"author":{"name":"Irishfamine Admin","@id":"https:\/\/www.irishfamine.ie\/ga\/#\/schema\/person\/ee1ed13659b33a2fcf78a9a1c247981e"},"headline":"Com\u00f3radh N\u00e1isi\u00fanta an Ghorta Mh\u00f3ir 2009","datePublished":"2009-05-17T10:14:03+00:00","dateModified":"2024-05-10T10:51:40+00:00","mainEntityOfPage":{"@id":"https:\/\/www.irishfamine.ie\/ga\/comoradh-naisiunta-an-ghorta-mhoir-2009\/"},"wordCount":161,"publisher":{"@id":"https:\/\/www.irishfamine.ie\/ga\/#organization"},"image":{"@id":"https:\/\/www.irishfamine.ie\/ga\/comoradh-naisiunta-an-ghorta-mhoir-2009\/#primaryimage"},"thumbnailUrl":"https:\/\/www.irishfamine.ie\/app\/uploads\/2009\/05\/National-Famine-Memorial-Day-in-Skibbereen-Co-Cork.jpg","articleSection":["Com\u00f3radh N\u00e1isi\u00fanta an Ghorta Mh\u00f3ir"],"inLanguage":"ga-IE"},{"@type":"WebPage","@id":"https:\/\/www.irishfamine.ie\/ga\/comoradh-naisiunta-an-ghorta-mhoir-2009\/","url":"https:\/\/www.irishfamine.ie\/ga\/comoradh-naisiunta-an-ghorta-mhoir-2009\/","name":"Com\u00f3radh N\u00e1isi\u00fanta an Ghorta Mh\u00f3ir 2009 - Com\u00f3radh N\u00e1isi\u00fanta an Ghorta Mh\u00f3ir","isPartOf":{"@id":"https:\/\/www.irishfamine.ie\/ga\/#website"},"primaryImageOfPage":{"@id":"https:\/\/www.irishfamine.ie\/ga\/comoradh-naisiunta-an-ghorta-mhoir-2009\/#primaryimage"},"image":{"@id":"https:\/\/www.irishfamine.ie\/ga\/comoradh-naisiunta-an-ghorta-mhoir-2009\/#primaryimage"},"thumbnailUrl":"https:\/\/www.irishfamine.ie\/app\/uploads\/2009\/05\/National-Famine-Memorial-Day-in-Skibbereen-Co-Cork.jpg","datePublished":"2009-05-17T10:14:03+00:00","dateModified":"2024-05-10T10:51:40+00:00","breadcrumb":{"@id":"https:\/\/www.irishfamine.ie\/ga\/comoradh-naisiunta-an-ghorta-mhoir-2009\/#breadcrumb"},"inLanguage":"ga-IE","potentialAction":[{"@type":"ReadAction","target":["https:\/\/www.irishfamine.ie\/ga\/comoradh-naisiunta-an-ghorta-mhoir-2009\/"]}]},{"@type":"ImageObject","inLanguage":"ga-IE","@id":"https:\/\/www.irishfamine.ie\/ga\/comoradh-naisiunta-an-ghorta-mhoir-2009\/#primaryimage","url":"https:\/\/www.irishfamine.ie\/app\/uploads\/2009\/05\/National-Famine-Memorial-Day-in-Skibbereen-Co-Cork.jpg","contentUrl":"https:\/\/www.irishfamine.ie\/app\/uploads\/2009\/05\/National-Famine-Memorial-Day-in-Skibbereen-Co-Cork.jpg","width":304,"height":280},{"@type":"BreadcrumbList","@id":"https:\/\/www.irishfamine.ie\/ga\/comoradh-naisiunta-an-ghorta-mhoir-2009\/#breadcrumb","itemListElement":[{"@type":"ListItem","position":1,"name":"Home","item":"https:\/\/www.irishfamine.ie\/ga\/"},{"@type":"ListItem","position":2,"name":"Com\u00f3radh N\u00e1isi\u00fanta an Ghorta Mh\u00f3ir 2009"}]},{"@type":"WebSite","@id":"https:\/\/www.irishfamine.ie\/ga\/#website","url":"https:\/\/www.irishfamine.ie\/ga\/","name":"National Famine Commemoration","description":"","publisher":{"@id":"https:\/\/www.irishfamine.ie\/ga\/#organization"},"potentialAction":[{"@type":"SearchAction","target":{"@type":"EntryPoint","urlTemplate":"https:\/\/www.irishfamine.ie\/ga\/?s={search_term_string}"},"query-input":{"@type":"PropertyValueSpecification","valueRequired":true,"valueName":"search_term_string"}}],"inLanguage":"ga-IE"},{"@type":"Organization","@id":"https:\/\/www.irishfamine.ie\/ga\/#organization","name":"Department of Tourism, Culture, Arts, Gaeltacht, Sport & Media","url":"https:\/\/www.irishfamine.ie\/ga\/","logo":{"@type":"ImageObject","inLanguage":"ga-IE","@id":"https:\/\/www.irishfamine.ie\/ga\/#\/schema\/logo\/image\/","url":"https:\/\/www.irishfamine.ie\/app\/uploads\/2021\/05\/dep-of-Tourism-Culture-Arts-Gaeltacht-sport-and-media-_logo.png","contentUrl":"https:\/\/www.irishfamine.ie\/app\/uploads\/2021\/05\/dep-of-Tourism-Culture-Arts-Gaeltacht-sport-and-media-_logo.png","width":300,"height":148,"caption":"Department of Tourism, Culture, Arts, Gaeltacht, Sport & Media"},"image":{"@id":"https:\/\/www.irishfamine.ie\/ga\/#\/schema\/logo\/image\/"},"sameAs":["https:\/\/www.facebook.com\/DepartmentofCultureIRL\/","https:\/\/x.com\/DeptCultureIRL"]},{"@type":"Person","@id":"https:\/\/www.irishfamine.ie\/ga\/#\/schema\/person\/ee1ed13659b33a2fcf78a9a1c247981e","name":"Irishfamine Admin","image":{"@type":"ImageObject","inLanguage":"ga-IE","@id":"https:\/\/secure.gravatar.com\/avatar\/d6663a20fb08cd192bcfd2c7177cb943b6575b8452372f3d1e1925591abfeb75?s=96&d=mm&r=g","url":"https:\/\/secure.gravatar.com\/avatar\/d6663a20fb08cd192bcfd2c7177cb943b6575b8452372f3d1e1925591abfeb75?s=96&d=mm&r=g","contentUrl":"https:\/\/secure.gravatar.com\/avatar\/d6663a20fb08cd192bcfd2c7177cb943b6575b8452372f3d1e1925591abfeb75?s=96&d=mm&r=g","caption":"Irishfamine Admin"},"sameAs":["https:\/\/www.irishfamine.ie"],"url":"https:\/\/www.irishfamine.ie\/ga\/author\/irishfamine_admin\/"}]}},"_links":{"self":[{"href":"https:\/\/www.irishfamine.ie\/ga\/wp-json\/wp\/v2\/posts\/3541","targetHints":{"allow":["GET"]}}],"collection":[{"href":"https:\/\/www.irishfamine.ie\/ga\/wp-json\/wp\/v2\/posts"}],"about":[{"href":"https:\/\/www.irishfamine.ie\/ga\/wp-json\/wp\/v2\/types\/post"}],"author":[{"embeddable":true,"href":"https:\/\/www.irishfamine.ie\/ga\/wp-json\/wp\/v2\/users\/3"}],"replies":[{"embeddable":true,"href":"https:\/\/www.irishfamine.ie\/ga\/wp-json\/wp\/v2\/comments?post=3541"}],"version-history":[{"count":5,"href":"https:\/\/www.irishfamine.ie\/ga\/wp-json\/wp\/v2\/posts\/3541\/revisions"}],"predecessor-version":[{"id":3671,"href":"https:\/\/www.irishfamine.ie\/ga\/wp-json\/wp\/v2\/posts\/3541\/revisions\/3671"}],"wp:featuredmedia":[{"embeddable":true,"href":"https:\/\/www.irishfamine.ie\/ga\/wp-json\/wp\/v2\/media\/2786"}],"wp:attachment":[{"href":"https:\/\/www.irishfamine.ie\/ga\/wp-json\/wp\/v2\/media?parent=3541"}],"wp:term":[{"taxonomy":"category","embeddable":true,"href":"https:\/\/www.irishfamine.ie\/ga\/wp-json\/wp\/v2\/categories?post=3541"},{"taxonomy":"post_tag","embeddable":true,"href":"https:\/\/www.irishfamine.ie\/ga\/wp-json\/wp\/v2\/tags?post=3541"}],"curies":[{"name":"wp","href":"https:\/\/api.w.org\/{rel}","templated":true}]}}